{"id":793,"date":"2026-02-28T14:18:05","date_gmt":"2026-02-28T14:18:05","guid":{"rendered":"https:\/\/selfsdg.eu\/?p=793"},"modified":"2026-02-28T14:27:58","modified_gmt":"2026-02-28T14:27:58","slug":"fundacion-avantia-hosts-dissemination-event-to-promote-the-selfsdg-project","status":"publish","type":"post","link":"https:\/\/selfsdg.eu\/sk\/2026\/02\/28\/fundacion-avantia-hosts-dissemination-event-to-promote-the-selfsdg-project\/","title":{"rendered":"Nad\u00e1cia Avantia usporiadala propaga\u010dn\u00e9 podujatie na podporu projektu SelfSDG"},"content":{"rendered":"\n<p class=\"wp-block-paragraph\">Nad\u00e1cia Fundaci\u00f3n Avantia ned\u00e1vno zorganizovala informa\u010dn\u00e9 podujatie s cie\u013eom zv\u00fd\u0161i\u0165 povedomie o projekte SelfSDG \u2013 inovat\u00edvnej iniciat\u00edve programu Erasmus+, ktorej cie\u013eom je posilni\u0165 postavenie ob\u010danov, aby mohli pos\u00fadi\u0165 a posilni\u0165 svoj osobn\u00fd z\u00e1v\u00e4zok vo\u010di cie\u013eom udr\u017eate\u013en\u00e9ho rozvoja Organiz\u00e1cie Spojen\u00fdch n\u00e1rodov (SDG). Podujatie spojilo \u00fa\u010dastn\u00edkov, zainteresovan\u00e9 strany a pedag\u00f3gov, aby spolo\u010dne presk\u00famali, ako m\u00f4\u017eu jednotlivci v\u00fdznamne ovplyvni\u0165 cestu k udr\u017eate\u013enej\u0161iemu svetu do roku 2030.<br>Propaga\u010dn\u00e9 podujatie poskytlo Fundaci\u00f3n Avantia pr\u00edle\u017eitos\u0165 podeli\u0165 sa o v\u00fdstupy a v\u00fdsledky dosiahnut\u00e9 v priebehu projektu, vr\u00e1tane k\u013e\u00fa\u010dov\u00fdch v\u00fdsledkov. \u00da\u010dastn\u00edci boli obozn\u00e1men\u00ed s mobilnou aplik\u00e1ciou SelfSDG, ktor\u00e1 vyu\u017e\u00edva mechanizmy gamifik\u00e1cie, aby bolo zapojenie sa do SDG pr\u00edstupn\u00e9, merate\u013en\u00e9 a z\u00e1bavn\u00e9 pre v\u0161etk\u00fdch ob\u010danov.<br>Po\u010das podujatia mali \u00fa\u010dastn\u00edci mo\u017enos\u0165 vysk\u00fa\u0161a\u0165 aplik\u00e1ciu a vypo\u010du\u0165 si hos\u0165uj\u00facich re\u010dn\u00edkov. Diskusia sa zamerala na praktick\u00e9 sp\u00f4soby, ak\u00fdmi jednotlivci, komunity a organiz\u00e1cie m\u00f4\u017eu prispieva\u0165 k SDG vo svojom ka\u017edodennom \u017eivote.<br>Nad\u00e1cia Fundaci\u00f3n Avantia sa na\u010falej venuje zvy\u0161ovaniu povedomia o zmene kl\u00edmy a \u00falohe, ktor\u00fa m\u00f4\u017ee ka\u017ed\u00fd jednotlivec zohr\u00e1va\u0165 pri dosahovan\u00ed SDG. Podujatia ako toto s\u00fa d\u00f4le\u017eitou s\u00fa\u010das\u0165ou strat\u00e9gie \u0161\u00edrenia inform\u00e1ci\u00ed o projekte SelfSDG, ktor\u00e1 zabezpe\u010duje, \u017ee jeho zdroje a zistenia oslovia \u010do naj\u0161ir\u0161ie publikum v celej Eur\u00f3pe.<\/p>\n\n\n\n<figure class=\"wp-block-image size-large\"><img loading=\"lazy\" decoding=\"async\" width=\"1024\" height=\"576\" src=\"https:\/\/selfsdg.eu\/wp-content\/uploads\/2026\/02\/WhatsApp-Image-2026-02-10-at-12.38.50-1-1024x576.jpeg\" alt=\"\" class=\"wp-image-798\" srcset=\"https:\/\/selfsdg.eu\/wp-content\/uploads\/2026\/02\/WhatsApp-Image-2026-02-10-at-12.38.50-1-1024x576.jpeg 1024w, https:\/\/selfsdg.eu\/wp-content\/uploads\/2026\/02\/WhatsApp-Image-2026-02-10-at-12.38.50-1-300x169.jpeg 300w, https:\/\/selfsdg.eu\/wp-content\/uploads\/2026\/02\/WhatsApp-Image-2026-02-10-at-12.38.50-1-768x432.jpeg 768w, https:\/\/selfsdg.eu\/wp-content\/uploads\/2026\/02\/WhatsApp-Image-2026-02-10-at-12.38.50-1-1536x864.jpeg 1536w, https:\/\/selfsdg.eu\/wp-content\/uploads\/2026\/02\/WhatsApp-Image-2026-02-10-at-12.38.50-1.jpeg 1599w\" sizes=\"auto, (max-width: 1024px) 100vw, 1024px\" \/><\/figure>\n","protected":false},"excerpt":{"rendered":"<p>Nad\u00e1cia Fundaci\u00f3n Avantia ned\u00e1vno zorganizovala informa\u010dn\u00e9 podujatie s cie\u013eom zv\u00fd\u0161i\u0165 povedomie o projekte SelfSDG \u2013 inovat\u00edvnej iniciat\u00edve programu Erasmus+, ktorej cie\u013eom je posilni\u0165 postavenie ob\u010danov, aby mohli pos\u00fadi\u0165 a posilni\u0165 svoj osobn\u00fd z\u00e1v\u00e4zok vo\u010di cie\u013eom udr\u017eate\u013en\u00e9ho rozvoja Organiz\u00e1cie Spojen\u00fdch n\u00e1rodov (SDG). Podujatie spojilo \u00fa\u010dastn\u00edkov, zainteresovan\u00e9 strany a pedag\u00f3gov, aby spolo\u010dne presk\u00famali, ako m\u00f4\u017eu jednotlivci v\u00fdznamne [&hellip;]<\/p>\n","protected":false},"author":3,"featured_media":794,"comment_status":"open","ping_status":"open","sticky":false,"template":"","format":"standard","meta":{"footnotes":""},"categories":[3],"tags":[],"class_list":["post-793","post","type-post","status-publish","format-standard","has-post-thumbnail","hentry","category-news"],"translation":{"provider":"WPGlobus","version":"3.0.0","language":"sk","enabled_languages":["en","ro","nl","de","es","sk"],"languages":{"en":{"title":true,"content":true,"excerpt":false},"ro":{"title":true,"content":true,"excerpt":false},"nl":{"title":true,"content":true,"excerpt":false},"de":{"title":true,"content":true,"excerpt":false},"es":{"title":true,"content":true,"excerpt":false},"sk":{"title":true,"content":true,"excerpt":false}}},"yoast_head":"<!-- This site is optimized with the Yoast SEO plugin v23.5 - https:\/\/yoast.com\/wordpress\/plugins\/seo\/ -->\n<title>Nad\u00e1cia Avantia usporiadala propaga\u010dn\u00e9 podujatie na podporu projektu SelfSDG - Self-SDG<\/title>\n<meta name=\"robots\" content=\"index, follow, max-snippet:-1, max-image-preview:large, max-video-preview:-1\" \/>\n<link rel=\"canonical\" href=\"https:\/\/selfsdg.eu\/2026\/02\/28\/fundacion-avantia-hosts-dissemination-event-to-promote-the-selfsdg-project\/\" \/>\n<meta property=\"og:locale\" content=\"sk_SK\" \/>\n<meta property=\"og:type\" content=\"article\" \/>\n<meta property=\"og:title\" content=\"Nad\u00e1cia Avantia usporiadala propaga\u010dn\u00e9 podujatie na podporu projektu SelfSDG - Self-SDG\" \/>\n<meta property=\"og:url\" content=\"https:\/\/selfsdg.eu\/2026\/02\/28\/fundacion-avantia-hosts-dissemination-event-to-promote-the-selfsdg-project\/\" \/>\n<meta property=\"og:site_name\" content=\"Self-SDG\" \/>\n<meta property=\"article:published_time\" content=\"2026-02-28T14:18:05+00:00\" \/>\n<meta property=\"article:modified_time\" content=\"2026-02-28T14:27:58+00:00\" \/>\n<meta property=\"og:image\" content=\"https:\/\/selfsdg.eu\/wp-content\/uploads\/2026\/02\/WhatsApp-Image-2026-02-10-at-12.38.55.jpeg\" \/>\n\t<meta property=\"og:image:width\" content=\"1600\" \/>\n\t<meta property=\"og:image:height\" content=\"900\" \/>\n\t<meta property=\"og:image:type\" content=\"image\/jpeg\" \/>\n<meta name=\"author\" content=\"Giorgos Kostopoulos\" \/>\n<meta name=\"twitter:card\" content=\"summary_large_image\" \/>\n<meta name=\"twitter:label1\" content=\"Written by\" \/>\n\t<meta name=\"twitter:data1\" content=\"Giorgos Kostopoulos\" \/>\n\t<meta name=\"twitter:label2\" content=\"Est. reading time\" \/>\n\t<meta name=\"twitter:data2\" content=\"2 minutes\" \/>\n<script type=\"application\/ld+json\" class=\"yoast-schema-graph\">{\"@context\":\"https:\/\/schema.org\",\"@graph\":[{\"@type\":\"WebPage\",\"@id\":\"https:\/\/selfsdg.eu\/2026\/02\/28\/fundacion-avantia-hosts-dissemination-event-to-promote-the-selfsdg-project\/\",\"url\":\"https:\/\/selfsdg.eu\/2026\/02\/28\/fundacion-avantia-hosts-dissemination-event-to-promote-the-selfsdg-project\/\",\"name\":\"Nad\u00e1cia Avantia usporiadala propaga\u010dn\u00e9 podujatie na podporu projektu SelfSDG - Self-SDG\",\"isPartOf\":{\"@id\":\"https:\/\/selfsdg.eu\/#website\"},\"primaryImageOfPage\":{\"@id\":\"https:\/\/selfsdg.eu\/2026\/02\/28\/fundacion-avantia-hosts-dissemination-event-to-promote-the-selfsdg-project\/#primaryimage\"},\"image\":{\"@id\":\"https:\/\/selfsdg.eu\/2026\/02\/28\/fundacion-avantia-hosts-dissemination-event-to-promote-the-selfsdg-project\/#primaryimage\"},\"thumbnailUrl\":\"https:\/\/selfsdg.eu\/wp-content\/uploads\/2026\/02\/WhatsApp-Image-2026-02-10-at-12.38.55.jpeg\",\"datePublished\":\"2026-02-28T14:18:05+00:00\",\"dateModified\":\"2026-02-28T14:27:58+00:00\",\"author\":{\"@id\":\"https:\/\/selfsdg.eu\/#\/schema\/person\/63fb78f9c1c14db79f67c445c5883366\"},\"breadcrumb\":{\"@id\":\"https:\/\/selfsdg.eu\/2026\/02\/28\/fundacion-avantia-hosts-dissemination-event-to-promote-the-selfsdg-project\/#breadcrumb\"},\"inLanguage\":\"sk-SK\",\"potentialAction\":[{\"@type\":\"ReadAction\",\"target\":[\"https:\/\/selfsdg.eu\/2026\/02\/28\/fundacion-avantia-hosts-dissemination-event-to-promote-the-selfsdg-project\/\"]}]},{\"@type\":\"ImageObject\",\"inLanguage\":\"sk-SK\",\"@id\":\"https:\/\/selfsdg.eu\/2026\/02\/28\/fundacion-avantia-hosts-dissemination-event-to-promote-the-selfsdg-project\/#primaryimage\",\"url\":\"https:\/\/selfsdg.eu\/wp-content\/uploads\/2026\/02\/WhatsApp-Image-2026-02-10-at-12.38.55.jpeg\",\"contentUrl\":\"https:\/\/selfsdg.eu\/wp-content\/uploads\/2026\/02\/WhatsApp-Image-2026-02-10-at-12.38.55.jpeg\",\"width\":1600,\"height\":900},{\"@type\":\"BreadcrumbList\",\"@id\":\"https:\/\/selfsdg.eu\/2026\/02\/28\/fundacion-avantia-hosts-dissemination-event-to-promote-the-selfsdg-project\/#breadcrumb\",\"itemListElement\":[{\"@type\":\"ListItem\",\"position\":1,\"name\":\"Home\",\"item\":\"https:\/\/selfsdg.eu\/\"},{\"@type\":\"ListItem\",\"position\":2,\"name\":\"Fundaci\u00f3n Avantia Hosts Dissemination Event to Promote the SelfSDG Project\"}]},{\"@type\":\"WebSite\",\"@id\":\"https:\/\/selfsdg.eu\/#website\",\"url\":\"https:\/\/selfsdg.eu\/\",\"name\":\"Self-SDG\",\"description\":\"\",\"potentialAction\":[{\"@type\":\"SearchAction\",\"target\":{\"@type\":\"EntryPoint\",\"urlTemplate\":\"https:\/\/selfsdg.eu\/?s={search_term_string}\"},\"query-input\":{\"@type\":\"PropertyValueSpecification\",\"valueRequired\":true,\"valueName\":\"search_term_string\"}}],\"inLanguage\":\"sk-SK\"},{\"@type\":\"Person\",\"@id\":\"https:\/\/selfsdg.eu\/#\/schema\/person\/63fb78f9c1c14db79f67c445c5883366\",\"name\":\"Giorgos Kostopoulos\",\"image\":{\"@type\":\"ImageObject\",\"inLanguage\":\"sk-SK\",\"@id\":\"https:\/\/selfsdg.eu\/#\/schema\/person\/image\/\",\"url\":\"https:\/\/secure.gravatar.com\/avatar\/cfb82fc217403ad98c337ee3da9019f41069b98749fd02e77d8eced58462631c?s=96&d=mm&r=g\",\"contentUrl\":\"https:\/\/secure.gravatar.com\/avatar\/cfb82fc217403ad98c337ee3da9019f41069b98749fd02e77d8eced58462631c?s=96&d=mm&r=g\",\"caption\":\"Giorgos Kostopoulos\"},\"url\":\"https:\/\/selfsdg.eu\/sk\/author\/giorgos\/\"}]}<\/script>\n<!-- \/ Yoast SEO plugin. -->","yoast_head_json":{"title":"Nad\u00e1cia Avantia usporiadala propaga\u010dn\u00e9 podujatie na podporu projektu SelfSDG - Self-SDG","robots":{"index":"index","follow":"follow","max-snippet":"max-snippet:-1","max-image-preview":"max-image-preview:large","max-video-preview":"max-video-preview:-1"},"canonical":"https:\/\/selfsdg.eu\/2026\/02\/28\/fundacion-avantia-hosts-dissemination-event-to-promote-the-selfsdg-project\/","og_locale":"sk_SK","og_type":"article","og_title":"Nad\u00e1cia Avantia usporiadala propaga\u010dn\u00e9 podujatie na podporu projektu SelfSDG - Self-SDG","og_url":"https:\/\/selfsdg.eu\/2026\/02\/28\/fundacion-avantia-hosts-dissemination-event-to-promote-the-selfsdg-project\/","og_site_name":"Self-SDG","article_published_time":"2026-02-28T14:18:05+00:00","article_modified_time":"2026-02-28T14:27:58+00:00","og_image":[{"width":1600,"height":900,"url":"https:\/\/selfsdg.eu\/wp-content\/uploads\/2026\/02\/WhatsApp-Image-2026-02-10-at-12.38.55.jpeg","type":"image\/jpeg"}],"author":"Giorgos Kostopoulos","twitter_card":"summary_large_image","twitter_misc":{"Written by":"Giorgos Kostopoulos","Est. reading time":"2 minutes"},"schema":{"@context":"https:\/\/schema.org","@graph":[{"@type":"WebPage","@id":"https:\/\/selfsdg.eu\/2026\/02\/28\/fundacion-avantia-hosts-dissemination-event-to-promote-the-selfsdg-project\/","url":"https:\/\/selfsdg.eu\/2026\/02\/28\/fundacion-avantia-hosts-dissemination-event-to-promote-the-selfsdg-project\/","name":"Nad\u00e1cia Avantia usporiadala propaga\u010dn\u00e9 podujatie na podporu projektu SelfSDG - Self-SDG","isPartOf":{"@id":"https:\/\/selfsdg.eu\/#website"},"primaryImageOfPage":{"@id":"https:\/\/selfsdg.eu\/2026\/02\/28\/fundacion-avantia-hosts-dissemination-event-to-promote-the-selfsdg-project\/#primaryimage"},"image":{"@id":"https:\/\/selfsdg.eu\/2026\/02\/28\/fundacion-avantia-hosts-dissemination-event-to-promote-the-selfsdg-project\/#primaryimage"},"thumbnailUrl":"https:\/\/selfsdg.eu\/wp-content\/uploads\/2026\/02\/WhatsApp-Image-2026-02-10-at-12.38.55.jpeg","datePublished":"2026-02-28T14:18:05+00:00","dateModified":"2026-02-28T14:27:58+00:00","author":{"@id":"https:\/\/selfsdg.eu\/#\/schema\/person\/63fb78f9c1c14db79f67c445c5883366"},"breadcrumb":{"@id":"https:\/\/selfsdg.eu\/2026\/02\/28\/fundacion-avantia-hosts-dissemination-event-to-promote-the-selfsdg-project\/#breadcrumb"},"inLanguage":"sk-SK","potentialAction":[{"@type":"ReadAction","target":["https:\/\/selfsdg.eu\/2026\/02\/28\/fundacion-avantia-hosts-dissemination-event-to-promote-the-selfsdg-project\/"]}]},{"@type":"ImageObject","inLanguage":"sk-SK","@id":"https:\/\/selfsdg.eu\/2026\/02\/28\/fundacion-avantia-hosts-dissemination-event-to-promote-the-selfsdg-project\/#primaryimage","url":"https:\/\/selfsdg.eu\/wp-content\/uploads\/2026\/02\/WhatsApp-Image-2026-02-10-at-12.38.55.jpeg","contentUrl":"https:\/\/selfsdg.eu\/wp-content\/uploads\/2026\/02\/WhatsApp-Image-2026-02-10-at-12.38.55.jpeg","width":1600,"height":900},{"@type":"BreadcrumbList","@id":"https:\/\/selfsdg.eu\/2026\/02\/28\/fundacion-avantia-hosts-dissemination-event-to-promote-the-selfsdg-project\/#breadcrumb","itemListElement":[{"@type":"ListItem","position":1,"name":"Home","item":"https:\/\/selfsdg.eu\/"},{"@type":"ListItem","position":2,"name":"Fundaci\u00f3n Avantia Hosts Dissemination Event to Promote the SelfSDG Project"}]},{"@type":"WebSite","@id":"https:\/\/selfsdg.eu\/#website","url":"https:\/\/selfsdg.eu\/","name":"Self-SDG","description":"","potentialAction":[{"@type":"SearchAction","target":{"@type":"EntryPoint","urlTemplate":"https:\/\/selfsdg.eu\/?s={search_term_string}"},"query-input":{"@type":"PropertyValueSpecification","valueRequired":true,"valueName":"search_term_string"}}],"inLanguage":"sk-SK"},{"@type":"Person","@id":"https:\/\/selfsdg.eu\/#\/schema\/person\/63fb78f9c1c14db79f67c445c5883366","name":"Giorgos Kostopoulos","image":{"@type":"ImageObject","inLanguage":"sk-SK","@id":"https:\/\/selfsdg.eu\/#\/schema\/person\/image\/","url":"https:\/\/secure.gravatar.com\/avatar\/cfb82fc217403ad98c337ee3da9019f41069b98749fd02e77d8eced58462631c?s=96&d=mm&r=g","contentUrl":"https:\/\/secure.gravatar.com\/avatar\/cfb82fc217403ad98c337ee3da9019f41069b98749fd02e77d8eced58462631c?s=96&d=mm&r=g","caption":"Giorgos Kostopoulos"},"url":"https:\/\/selfsdg.eu\/sk\/author\/giorgos\/"}]}},"_links":{"self":[{"href":"https:\/\/selfsdg.eu\/sk\/wp-json\/wp\/v2\/posts\/793","targetHints":{"allow":["GET"]}}],"collection":[{"href":"https:\/\/selfsdg.eu\/sk\/wp-json\/wp\/v2\/posts"}],"about":[{"href":"https:\/\/selfsdg.eu\/sk\/wp-json\/wp\/v2\/types\/post"}],"author":[{"embeddable":true,"href":"https:\/\/selfsdg.eu\/sk\/wp-json\/wp\/v2\/users\/3"}],"replies":[{"embeddable":true,"href":"https:\/\/selfsdg.eu\/sk\/wp-json\/wp\/v2\/comments?post=793"}],"version-history":[{"count":7,"href":"https:\/\/selfsdg.eu\/sk\/wp-json\/wp\/v2\/posts\/793\/revisions"}],"predecessor-version":[{"id":808,"href":"https:\/\/selfsdg.eu\/sk\/wp-json\/wp\/v2\/posts\/793\/revisions\/808"}],"wp:featuredmedia":[{"embeddable":true,"href":"https:\/\/selfsdg.eu\/sk\/wp-json\/wp\/v2\/media\/794"}],"wp:attachment":[{"href":"https:\/\/selfsdg.eu\/sk\/wp-json\/wp\/v2\/media?parent=793"}],"wp:term":[{"taxonomy":"category","embeddable":true,"href":"https:\/\/selfsdg.eu\/sk\/wp-json\/wp\/v2\/categories?post=793"},{"taxonomy":"post_tag","embeddable":true,"href":"https:\/\/selfsdg.eu\/sk\/wp-json\/wp\/v2\/tags?post=793"}],"curies":[{"name":"wp","href":"https:\/\/api.w.org\/{rel}","templated":true}]}}