{"id":790,"date":"2026-02-28T13:54:54","date_gmt":"2026-02-28T13:54:54","guid":{"rendered":"https:\/\/selfsdg.eu\/?p=790"},"modified":"2026-02-28T19:43:48","modified_gmt":"2026-02-28T19:43:48","slug":"self-sdg-project-featured-in-media-interview-spreading-the-sdg-message-on-a-wider-platform","status":"publish","type":"post","link":"https:\/\/selfsdg.eu\/sk\/2026\/02\/28\/self-sdg-project-featured-in-media-interview-spreading-the-sdg-message-on-a-wider-platform\/","title":{"rendered":"Projekt Self-SDG v m\u00e9di\u00e1ch Rozhovor: \u0160\u00edrenie posolstva SDG na \u0161ir\u0161ej platforme"},"content":{"rendered":"\n<p class=\"wp-block-paragraph\">V r\u00e1mci strat\u00e9gie \u0161\u00edrenia inform\u00e1ci\u00ed a zvy\u0161ovania povedomia bol projekt Self-SDG ned\u00e1vno predstaven\u00fd v medi\u00e1lnom rozhovore, ktor\u00fd zd\u00f4raz\u0148uje ciele iniciat\u00edvy, inovat\u00edvny pr\u00edstup a jej pr\u00ednos k zapojeniu ml\u00e1de\u017ee do cie\u013eov udr\u017eate\u013en\u00e9ho rozvoja (SDG). Rozhovor je teraz k dispoz\u00edcii online a predstavuje poslanie projektu spoji\u0165 eur\u00f3psku ml\u00e1de\u017e so zodpovedn\u00fdmi a merate\u013en\u00fdmi udr\u017eate\u013en\u00fdmi \u010dinnos\u0165ami.<\/p>\n\n\n\n<p class=\"wp-block-paragraph\">V rozhovore partneri projektu Self-SDG diskutuj\u00fa o d\u00f4le\u017eitosti posil\u0148ovania jednotlivcov, aby prem\u00fd\u0161\u013eali o svojom vlastnom spr\u00e1van\u00ed a z\u00e1v\u00e4zku vo\u010di glob\u00e1lnym v\u00fdzvam v oblasti udr\u017eate\u013enosti. Rozhovor zd\u00f4raz\u0148uje, ako projekt preklad\u00e1 \u0161irok\u00fa Agendu OSN 2030 do praktickej,&nbsp;<strong>u\u017e\u00edvate\u013esky pr\u00edvetivej mobilnej aplik\u00e1cie<\/strong>, ktor\u00e1 motivuje u\u017e\u00edvate\u013eov, aby pos\u00fadili a posilnili svoje zapojenie do SDG.<\/p>\n\n\n\n<p class=\"wp-block-paragraph\">Partnerstvo Self-SDG sa na\u010falej zav\u00e4zuje zap\u00e1ja\u0165 r\u00f4znorod\u00e9 publikum prostredn\u00edctvom radu osvetov\u00fdch aktiv\u00edt, vr\u00e1tane propaga\u010dn\u00fdch podujat\u00ed, rozhovorov a online obsahu, ktor\u00fdch cie\u013eom je posilni\u0165 udr\u017eate\u013en\u00e9 spr\u00e1vanie medzi mlad\u00fdmi \u013eu\u010fmi.<\/p>\n\n\n\n<p class=\"wp-block-paragraph\">\ud83c\udfa5&nbsp;<em>Pozrite si cel\u00fd rozhovor tu:<\/em>&nbsp;<a href=\"https:\/\/www.youtube.com\/watch?v=sSndqTMsXNw\">https:\/\/www.youtube.com\/watch?v=sSndqTMsXNw<\/a><\/p>\n","protected":false},"excerpt":{"rendered":"<p>V r\u00e1mci strat\u00e9gie \u0161\u00edrenia inform\u00e1ci\u00ed a zvy\u0161ovania povedomia bol projekt Self-SDG ned\u00e1vno predstaven\u00fd v medi\u00e1lnom rozhovore, ktor\u00fd zd\u00f4raz\u0148uje ciele iniciat\u00edvy, inovat\u00edvny pr\u00edstup a jej pr\u00ednos k zapojeniu ml\u00e1de\u017ee do cie\u013eov udr\u017eate\u013en\u00e9ho rozvoja (SDG). Rozhovor je teraz k dispoz\u00edcii online a predstavuje poslanie projektu spoji\u0165 eur\u00f3psku ml\u00e1de\u017e so zodpovedn\u00fdmi a merate\u013en\u00fdmi udr\u017eate\u013en\u00fdmi \u010dinnos\u0165ami. V rozhovore partneri [&hellip;]<\/p>\n","protected":false},"author":3,"featured_media":791,"comment_status":"open","ping_status":"open","sticky":false,"template":"","format":"standard","meta":{"footnotes":""},"categories":[3],"tags":[],"class_list":["post-790","post","type-post","status-publish","format-standard","has-post-thumbnail","hentry","category-news"],"translation":{"provider":"WPGlobus","version":"3.0.0","language":"sk","enabled_languages":["en","ro","nl","de","es","sk"],"languages":{"en":{"title":true,"content":true,"excerpt":false},"ro":{"title":true,"content":true,"excerpt":false},"nl":{"title":true,"content":true,"excerpt":false},"de":{"title":true,"content":true,"excerpt":false},"es":{"title":true,"content":true,"excerpt":false},"sk":{"title":true,"content":true,"excerpt":false}}},"yoast_head":"<!-- This site is optimized with the Yoast SEO plugin v23.5 - https:\/\/yoast.com\/wordpress\/plugins\/seo\/ -->\n<title>Projekt Self-SDG v m\u00e9di\u00e1ch Rozhovor: \u0160\u00edrenie posolstva SDG na \u0161ir\u0161ej platforme - Self-SDG<\/title>\n<meta name=\"robots\" content=\"index, follow, max-snippet:-1, max-image-preview:large, max-video-preview:-1\" \/>\n<link rel=\"canonical\" href=\"https:\/\/selfsdg.eu\/2026\/02\/28\/self-sdg-project-featured-in-media-interview-spreading-the-sdg-message-on-a-wider-platform\/\" \/>\n<meta property=\"og:locale\" content=\"sk_SK\" \/>\n<meta property=\"og:type\" content=\"article\" \/>\n<meta property=\"og:title\" content=\"Projekt Self-SDG v m\u00e9di\u00e1ch Rozhovor: \u0160\u00edrenie posolstva SDG na \u0161ir\u0161ej platforme - Self-SDG\" \/>\n<meta property=\"og:url\" content=\"https:\/\/selfsdg.eu\/2026\/02\/28\/self-sdg-project-featured-in-media-interview-spreading-the-sdg-message-on-a-wider-platform\/\" \/>\n<meta property=\"og:site_name\" content=\"Self-SDG\" \/>\n<meta property=\"article:published_time\" content=\"2026-02-28T13:54:54+00:00\" \/>\n<meta property=\"article:modified_time\" content=\"2026-02-28T19:43:48+00:00\" \/>\n<meta property=\"og:image\" content=\"https:\/\/selfsdg.eu\/wp-content\/uploads\/2026\/02\/Screenshot-2026-02-28-at-14.52.12-1024x567.png\" \/>\n\t<meta property=\"og:image:width\" content=\"1024\" \/>\n\t<meta property=\"og:image:height\" content=\"567\" \/>\n\t<meta property=\"og:image:type\" content=\"image\/png\" \/>\n<meta name=\"author\" content=\"Giorgos Kostopoulos\" \/>\n<meta name=\"twitter:card\" content=\"summary_large_image\" \/>\n<meta name=\"twitter:label1\" content=\"Written by\" \/>\n\t<meta name=\"twitter:data1\" content=\"Giorgos Kostopoulos\" \/>\n\t<meta name=\"twitter:label2\" content=\"Est. reading time\" \/>\n\t<meta name=\"twitter:data2\" content=\"1 minute\" \/>\n<script type=\"application\/ld+json\" class=\"yoast-schema-graph\">{\"@context\":\"https:\/\/schema.org\",\"@graph\":[{\"@type\":\"WebPage\",\"@id\":\"https:\/\/selfsdg.eu\/2026\/02\/28\/self-sdg-project-featured-in-media-interview-spreading-the-sdg-message-on-a-wider-platform\/\",\"url\":\"https:\/\/selfsdg.eu\/2026\/02\/28\/self-sdg-project-featured-in-media-interview-spreading-the-sdg-message-on-a-wider-platform\/\",\"name\":\"Projekt Self-SDG v m\u00e9di\u00e1ch Rozhovor: \u0160\u00edrenie posolstva SDG na \u0161ir\u0161ej platforme - Self-SDG\",\"isPartOf\":{\"@id\":\"https:\/\/selfsdg.eu\/#website\"},\"primaryImageOfPage\":{\"@id\":\"https:\/\/selfsdg.eu\/2026\/02\/28\/self-sdg-project-featured-in-media-interview-spreading-the-sdg-message-on-a-wider-platform\/#primaryimage\"},\"image\":{\"@id\":\"https:\/\/selfsdg.eu\/2026\/02\/28\/self-sdg-project-featured-in-media-interview-spreading-the-sdg-message-on-a-wider-platform\/#primaryimage\"},\"thumbnailUrl\":\"https:\/\/selfsdg.eu\/wp-content\/uploads\/2026\/02\/Screenshot-2026-02-28-at-14.52.12.png\",\"datePublished\":\"2026-02-28T13:54:54+00:00\",\"dateModified\":\"2026-02-28T19:43:48+00:00\",\"author\":{\"@id\":\"https:\/\/selfsdg.eu\/#\/schema\/person\/63fb78f9c1c14db79f67c445c5883366\"},\"breadcrumb\":{\"@id\":\"https:\/\/selfsdg.eu\/2026\/02\/28\/self-sdg-project-featured-in-media-interview-spreading-the-sdg-message-on-a-wider-platform\/#breadcrumb\"},\"inLanguage\":\"sk-SK\",\"potentialAction\":[{\"@type\":\"ReadAction\",\"target\":[\"https:\/\/selfsdg.eu\/2026\/02\/28\/self-sdg-project-featured-in-media-interview-spreading-the-sdg-message-on-a-wider-platform\/\"]}]},{\"@type\":\"ImageObject\",\"inLanguage\":\"sk-SK\",\"@id\":\"https:\/\/selfsdg.eu\/2026\/02\/28\/self-sdg-project-featured-in-media-interview-spreading-the-sdg-message-on-a-wider-platform\/#primaryimage\",\"url\":\"https:\/\/selfsdg.eu\/wp-content\/uploads\/2026\/02\/Screenshot-2026-02-28-at-14.52.12.png\",\"contentUrl\":\"https:\/\/selfsdg.eu\/wp-content\/uploads\/2026\/02\/Screenshot-2026-02-28-at-14.52.12.png\",\"width\":1924,\"height\":1066},{\"@type\":\"BreadcrumbList\",\"@id\":\"https:\/\/selfsdg.eu\/2026\/02\/28\/self-sdg-project-featured-in-media-interview-spreading-the-sdg-message-on-a-wider-platform\/#breadcrumb\",\"itemListElement\":[{\"@type\":\"ListItem\",\"position\":1,\"name\":\"Home\",\"item\":\"https:\/\/selfsdg.eu\/\"},{\"@type\":\"ListItem\",\"position\":2,\"name\":\"Self-SDG Project Featured in Media Interview: Spreading the SDG Message on a Wider Platform\"}]},{\"@type\":\"WebSite\",\"@id\":\"https:\/\/selfsdg.eu\/#website\",\"url\":\"https:\/\/selfsdg.eu\/\",\"name\":\"Self-SDG\",\"description\":\"\",\"potentialAction\":[{\"@type\":\"SearchAction\",\"target\":{\"@type\":\"EntryPoint\",\"urlTemplate\":\"https:\/\/selfsdg.eu\/?s={search_term_string}\"},\"query-input\":{\"@type\":\"PropertyValueSpecification\",\"valueRequired\":true,\"valueName\":\"search_term_string\"}}],\"inLanguage\":\"sk-SK\"},{\"@type\":\"Person\",\"@id\":\"https:\/\/selfsdg.eu\/#\/schema\/person\/63fb78f9c1c14db79f67c445c5883366\",\"name\":\"Giorgos Kostopoulos\",\"image\":{\"@type\":\"ImageObject\",\"inLanguage\":\"sk-SK\",\"@id\":\"https:\/\/selfsdg.eu\/#\/schema\/person\/image\/\",\"url\":\"https:\/\/secure.gravatar.com\/avatar\/cfb82fc217403ad98c337ee3da9019f41069b98749fd02e77d8eced58462631c?s=96&d=mm&r=g\",\"contentUrl\":\"https:\/\/secure.gravatar.com\/avatar\/cfb82fc217403ad98c337ee3da9019f41069b98749fd02e77d8eced58462631c?s=96&d=mm&r=g\",\"caption\":\"Giorgos Kostopoulos\"},\"url\":\"https:\/\/selfsdg.eu\/sk\/author\/giorgos\/\"}]}<\/script>\n<!-- \/ Yoast SEO plugin. -->","yoast_head_json":{"title":"Projekt Self-SDG v m\u00e9di\u00e1ch Rozhovor: \u0160\u00edrenie posolstva SDG na \u0161ir\u0161ej platforme - Self-SDG","robots":{"index":"index","follow":"follow","max-snippet":"max-snippet:-1","max-image-preview":"max-image-preview:large","max-video-preview":"max-video-preview:-1"},"canonical":"https:\/\/selfsdg.eu\/2026\/02\/28\/self-sdg-project-featured-in-media-interview-spreading-the-sdg-message-on-a-wider-platform\/","og_locale":"sk_SK","og_type":"article","og_title":"Projekt Self-SDG v m\u00e9di\u00e1ch Rozhovor: \u0160\u00edrenie posolstva SDG na \u0161ir\u0161ej platforme - Self-SDG","og_url":"https:\/\/selfsdg.eu\/2026\/02\/28\/self-sdg-project-featured-in-media-interview-spreading-the-sdg-message-on-a-wider-platform\/","og_site_name":"Self-SDG","article_published_time":"2026-02-28T13:54:54+00:00","article_modified_time":"2026-02-28T19:43:48+00:00","og_image":[{"width":1024,"height":567,"url":"https:\/\/selfsdg.eu\/wp-content\/uploads\/2026\/02\/Screenshot-2026-02-28-at-14.52.12-1024x567.png","type":"image\/png"}],"author":"Giorgos Kostopoulos","twitter_card":"summary_large_image","twitter_misc":{"Written by":"Giorgos Kostopoulos","Est. reading time":"1 minute"},"schema":{"@context":"https:\/\/schema.org","@graph":[{"@type":"WebPage","@id":"https:\/\/selfsdg.eu\/2026\/02\/28\/self-sdg-project-featured-in-media-interview-spreading-the-sdg-message-on-a-wider-platform\/","url":"https:\/\/selfsdg.eu\/2026\/02\/28\/self-sdg-project-featured-in-media-interview-spreading-the-sdg-message-on-a-wider-platform\/","name":"Projekt Self-SDG v m\u00e9di\u00e1ch Rozhovor: \u0160\u00edrenie posolstva SDG na \u0161ir\u0161ej platforme - Self-SDG","isPartOf":{"@id":"https:\/\/selfsdg.eu\/#website"},"primaryImageOfPage":{"@id":"https:\/\/selfsdg.eu\/2026\/02\/28\/self-sdg-project-featured-in-media-interview-spreading-the-sdg-message-on-a-wider-platform\/#primaryimage"},"image":{"@id":"https:\/\/selfsdg.eu\/2026\/02\/28\/self-sdg-project-featured-in-media-interview-spreading-the-sdg-message-on-a-wider-platform\/#primaryimage"},"thumbnailUrl":"https:\/\/selfsdg.eu\/wp-content\/uploads\/2026\/02\/Screenshot-2026-02-28-at-14.52.12.png","datePublished":"2026-02-28T13:54:54+00:00","dateModified":"2026-02-28T19:43:48+00:00","author":{"@id":"https:\/\/selfsdg.eu\/#\/schema\/person\/63fb78f9c1c14db79f67c445c5883366"},"breadcrumb":{"@id":"https:\/\/selfsdg.eu\/2026\/02\/28\/self-sdg-project-featured-in-media-interview-spreading-the-sdg-message-on-a-wider-platform\/#breadcrumb"},"inLanguage":"sk-SK","potentialAction":[{"@type":"ReadAction","target":["https:\/\/selfsdg.eu\/2026\/02\/28\/self-sdg-project-featured-in-media-interview-spreading-the-sdg-message-on-a-wider-platform\/"]}]},{"@type":"ImageObject","inLanguage":"sk-SK","@id":"https:\/\/selfsdg.eu\/2026\/02\/28\/self-sdg-project-featured-in-media-interview-spreading-the-sdg-message-on-a-wider-platform\/#primaryimage","url":"https:\/\/selfsdg.eu\/wp-content\/uploads\/2026\/02\/Screenshot-2026-02-28-at-14.52.12.png","contentUrl":"https:\/\/selfsdg.eu\/wp-content\/uploads\/2026\/02\/Screenshot-2026-02-28-at-14.52.12.png","width":1924,"height":1066},{"@type":"BreadcrumbList","@id":"https:\/\/selfsdg.eu\/2026\/02\/28\/self-sdg-project-featured-in-media-interview-spreading-the-sdg-message-on-a-wider-platform\/#breadcrumb","itemListElement":[{"@type":"ListItem","position":1,"name":"Home","item":"https:\/\/selfsdg.eu\/"},{"@type":"ListItem","position":2,"name":"Self-SDG Project Featured in Media Interview: Spreading the SDG Message on a Wider Platform"}]},{"@type":"WebSite","@id":"https:\/\/selfsdg.eu\/#website","url":"https:\/\/selfsdg.eu\/","name":"Self-SDG","description":"","potentialAction":[{"@type":"SearchAction","target":{"@type":"EntryPoint","urlTemplate":"https:\/\/selfsdg.eu\/?s={search_term_string}"},"query-input":{"@type":"PropertyValueSpecification","valueRequired":true,"valueName":"search_term_string"}}],"inLanguage":"sk-SK"},{"@type":"Person","@id":"https:\/\/selfsdg.eu\/#\/schema\/person\/63fb78f9c1c14db79f67c445c5883366","name":"Giorgos Kostopoulos","image":{"@type":"ImageObject","inLanguage":"sk-SK","@id":"https:\/\/selfsdg.eu\/#\/schema\/person\/image\/","url":"https:\/\/secure.gravatar.com\/avatar\/cfb82fc217403ad98c337ee3da9019f41069b98749fd02e77d8eced58462631c?s=96&d=mm&r=g","contentUrl":"https:\/\/secure.gravatar.com\/avatar\/cfb82fc217403ad98c337ee3da9019f41069b98749fd02e77d8eced58462631c?s=96&d=mm&r=g","caption":"Giorgos Kostopoulos"},"url":"https:\/\/selfsdg.eu\/sk\/author\/giorgos\/"}]}},"_links":{"self":[{"href":"https:\/\/selfsdg.eu\/sk\/wp-json\/wp\/v2\/posts\/790","targetHints":{"allow":["GET"]}}],"collection":[{"href":"https:\/\/selfsdg.eu\/sk\/wp-json\/wp\/v2\/posts"}],"about":[{"href":"https:\/\/selfsdg.eu\/sk\/wp-json\/wp\/v2\/types\/post"}],"author":[{"embeddable":true,"href":"https:\/\/selfsdg.eu\/sk\/wp-json\/wp\/v2\/users\/3"}],"replies":[{"embeddable":true,"href":"https:\/\/selfsdg.eu\/sk\/wp-json\/wp\/v2\/comments?post=790"}],"version-history":[{"count":7,"href":"https:\/\/selfsdg.eu\/sk\/wp-json\/wp\/v2\/posts\/790\/revisions"}],"predecessor-version":[{"id":861,"href":"https:\/\/selfsdg.eu\/sk\/wp-json\/wp\/v2\/posts\/790\/revisions\/861"}],"wp:featuredmedia":[{"embeddable":true,"href":"https:\/\/selfsdg.eu\/sk\/wp-json\/wp\/v2\/media\/791"}],"wp:attachment":[{"href":"https:\/\/selfsdg.eu\/sk\/wp-json\/wp\/v2\/media?parent=790"}],"wp:term":[{"taxonomy":"category","embeddable":true,"href":"https:\/\/selfsdg.eu\/sk\/wp-json\/wp\/v2\/categories?post=790"},{"taxonomy":"post_tag","embeddable":true,"href":"https:\/\/selfsdg.eu\/sk\/wp-json\/wp\/v2\/tags?post=790"}],"curies":[{"name":"wp","href":"https:\/\/api.w.org\/{rel}","templated":true}]}}