{"id":769,"date":"2026-02-28T13:17:45","date_gmt":"2026-02-28T13:17:45","guid":{"rendered":"https:\/\/selfsdg.eu\/?p=769"},"modified":"2026-02-28T19:42:34","modified_gmt":"2026-02-28T19:42:34","slug":"self-sdg-dissemination-event-successfully-held-at-ies-cristobal-de-monroy-spain","status":"publish","type":"post","link":"https:\/\/selfsdg.eu\/sk\/2026\/02\/28\/self-sdg-dissemination-event-successfully-held-at-ies-cristobal-de-monroy-spain\/","title":{"rendered":"Podujatie zameran\u00e9 na \u0161\u00edrenie inform\u00e1ci\u00ed o SDG sa \u00faspe\u0161ne uskuto\u010dnilo v IES Crist\u00f3bal de Monroy v \u0160panielsku"},"content":{"rendered":"\n<p class=\"wp-block-paragraph\">V r\u00e1mci propaga\u010dn\u00fdch aktiv\u00edt projektu Self-SDG bola \u00faspe\u0161ne zorganizovan\u00e1 \u0161peci\u00e1lna multiplika\u010dn\u00e1 akcia v&nbsp;<strong>IES Crist\u00f3bal de Monroy (\u0160panielsko)<\/strong>, na ktorej sa \u0161tudenti a pedag\u00f3govia z\u00fa\u010dastnili interakt\u00edvnej diskusie zameranej na ciele udr\u017eate\u013en\u00e9ho rozvoja (SDG) a inovat\u00edvne n\u00e1stroje vyvinut\u00e9 v r\u00e1mci programu Erasmus+.<\/p>\n\n\n\n<p class=\"wp-block-paragraph\">\u0160\u00edrenie inform\u00e1ci\u00ed na IES Crist\u00f3bal de Monroy prejavili ve\u013ek\u00fd z\u00e1ujem ako \u0161tudenti, tak aj pedag\u00f3govia. Interakt\u00edvny form\u00e1t prispel k:<\/p>\n\n\n\n<ul class=\"wp-block-list\">\n<li>zv\u00fd\u0161eniu povedomia o v\u00fdzvach v oblasti udr\u017eate\u013enosti<\/li>\n\n\n\n<li>lep\u0161iemu pochopeniu osobnej zodpovednosti<\/li>\n\n\n\n<li>pozit\u00edvnej sp\u00e4tnej v\u00e4zbe t\u00fdkaj\u00facej sa pou\u017eite\u013enosti n\u00e1stroja Self-SDG<\/li>\n\n\n\n<li>motiv\u00e1cii integrova\u0165 reflexiu SDG do vzdel\u00e1vacej praxe<\/li>\n<\/ul>\n\n\n\n<p class=\"wp-block-paragraph\">Toto podujatie predstavuje d\u00f4le\u017eit\u00fd krok v roz\u0161irovan\u00ed dosahu projektu a zabezpe\u010den\u00ed, aby sa jeho digit\u00e1lna inov\u00e1cia prejavila v re\u00e1lnom vplyve na vzdel\u00e1vanie.<\/p>\n\n\n\n<p class=\"wp-block-paragraph\">Konzorcium Self-SDG sa na\u010falej zav\u00e4zuje organizova\u0165 podujatia zameran\u00e9 na \u0161\u00edrenie inform\u00e1ci\u00ed a multiplik\u00e1ciu v partnersk\u00fdch krajin\u00e1ch s cie\u013eom maximalizova\u0165 vidite\u013enos\u0165, udr\u017eate\u013enos\u0165 a dlhodob\u00fd vplyv.<\/p>\n\n\n\n<p class=\"wp-block-paragraph\">Priamou spolupr\u00e1cou s vzdel\u00e1vac\u00edmi in\u0161tit\u00faciami, ako je IES Crist\u00f3bal de Monroy, projekt posil\u0148uje svoju misiu posil\u0148ova\u0165 mlad\u00fdch Eur\u00f3panov, aby pre\u0161li od povedomia k \u010dinom.<\/p>\n\n\n\n<figure class=\"wp-block-image size-large\"><img loading=\"lazy\" decoding=\"async\" width=\"768\" height=\"1024\" src=\"https:\/\/selfsdg.eu\/wp-content\/uploads\/2026\/02\/Evento-de-difusion-Monroy-11-5-768x1024.jpeg\" alt=\"\" class=\"wp-image-856\" srcset=\"https:\/\/selfsdg.eu\/wp-content\/uploads\/2026\/02\/Evento-de-difusion-Monroy-11-5-768x1024.jpeg 768w, https:\/\/selfsdg.eu\/wp-content\/uploads\/2026\/02\/Evento-de-difusion-Monroy-11-5-225x300.jpeg 225w, https:\/\/selfsdg.eu\/wp-content\/uploads\/2026\/02\/Evento-de-difusion-Monroy-11-5-1152x1536.jpeg 1152w, https:\/\/selfsdg.eu\/wp-content\/uploads\/2026\/02\/Evento-de-difusion-Monroy-11-5.jpeg 1200w\" sizes=\"auto, (max-width: 768px) 100vw, 768px\" \/><\/figure>\n\n\n\n<figure class=\"wp-block-image size-large\"><img loading=\"lazy\" decoding=\"async\" width=\"1024\" height=\"768\" src=\"https:\/\/selfsdg.eu\/wp-content\/uploads\/2026\/02\/Evento-de-difusion-Monroy-15-5-1024x768.jpeg\" alt=\"\" class=\"wp-image-857\" srcset=\"https:\/\/selfsdg.eu\/wp-content\/uploads\/2026\/02\/Evento-de-difusion-Monroy-15-5-1024x768.jpeg 1024w, https:\/\/selfsdg.eu\/wp-content\/uploads\/2026\/02\/Evento-de-difusion-Monroy-15-5-300x225.jpeg 300w, https:\/\/selfsdg.eu\/wp-content\/uploads\/2026\/02\/Evento-de-difusion-Monroy-15-5-768x576.jpeg 768w, https:\/\/selfsdg.eu\/wp-content\/uploads\/2026\/02\/Evento-de-difusion-Monroy-15-5-1536x1152.jpeg 1536w, https:\/\/selfsdg.eu\/wp-content\/uploads\/2026\/02\/Evento-de-difusion-Monroy-15-5.jpeg 1600w\" sizes=\"auto, (max-width: 1024px) 100vw, 1024px\" \/><\/figure>\n\n\n\n<figure class=\"wp-block-image size-large\"><img loading=\"lazy\" decoding=\"async\" width=\"1024\" height=\"768\" src=\"https:\/\/selfsdg.eu\/wp-content\/uploads\/2026\/02\/Evento-de-difusion-Monroy-21-5-1024x768.jpeg\" alt=\"\" class=\"wp-image-859\" srcset=\"https:\/\/selfsdg.eu\/wp-content\/uploads\/2026\/02\/Evento-de-difusion-Monroy-21-5-1024x768.jpeg 1024w, https:\/\/selfsdg.eu\/wp-content\/uploads\/2026\/02\/Evento-de-difusion-Monroy-21-5-300x225.jpeg 300w, https:\/\/selfsdg.eu\/wp-content\/uploads\/2026\/02\/Evento-de-difusion-Monroy-21-5-768x576.jpeg 768w, https:\/\/selfsdg.eu\/wp-content\/uploads\/2026\/02\/Evento-de-difusion-Monroy-21-5-1536x1152.jpeg 1536w, https:\/\/selfsdg.eu\/wp-content\/uploads\/2026\/02\/Evento-de-difusion-Monroy-21-5.jpeg 1600w\" sizes=\"auto, (max-width: 1024px) 100vw, 1024px\" \/><\/figure>\n","protected":false},"excerpt":{"rendered":"<p>V r\u00e1mci propaga\u010dn\u00fdch aktiv\u00edt projektu Self-SDG bola \u00faspe\u0161ne zorganizovan\u00e1 \u0161peci\u00e1lna multiplika\u010dn\u00e1 akcia v&nbsp;IES Crist\u00f3bal de Monroy (\u0160panielsko), na ktorej sa \u0161tudenti a pedag\u00f3govia z\u00fa\u010dastnili interakt\u00edvnej diskusie zameranej na ciele udr\u017eate\u013en\u00e9ho rozvoja (SDG) a inovat\u00edvne n\u00e1stroje vyvinut\u00e9 v r\u00e1mci programu Erasmus+. \u0160\u00edrenie inform\u00e1ci\u00ed na IES Crist\u00f3bal de Monroy prejavili ve\u013ek\u00fd z\u00e1ujem ako \u0161tudenti, tak aj pedag\u00f3govia. [&hellip;]<\/p>\n","protected":false},"author":3,"featured_media":770,"comment_status":"open","ping_status":"open","sticky":false,"template":"","format":"standard","meta":{"footnotes":""},"categories":[3],"tags":[],"class_list":["post-769","post","type-post","status-publish","format-standard","has-post-thumbnail","hentry","category-news"],"translation":{"provider":"WPGlobus","version":"3.0.0","language":"sk","enabled_languages":["en","ro","nl","de","es","sk"],"languages":{"en":{"title":true,"content":true,"excerpt":false},"ro":{"title":true,"content":true,"excerpt":false},"nl":{"title":true,"content":true,"excerpt":false},"de":{"title":true,"content":true,"excerpt":false},"es":{"title":true,"content":true,"excerpt":false},"sk":{"title":true,"content":true,"excerpt":false}}},"yoast_head":"<!-- This site is optimized with the Yoast SEO plugin v23.5 - https:\/\/yoast.com\/wordpress\/plugins\/seo\/ -->\n<title>Podujatie zameran\u00e9 na \u0161\u00edrenie inform\u00e1ci\u00ed o SDG sa \u00faspe\u0161ne uskuto\u010dnilo v IES Crist\u00f3bal de Monroy v \u0160panielsku - Self-SDG<\/title>\n<meta name=\"robots\" content=\"index, follow, max-snippet:-1, max-image-preview:large, max-video-preview:-1\" \/>\n<link rel=\"canonical\" href=\"https:\/\/selfsdg.eu\/2026\/02\/28\/self-sdg-dissemination-event-successfully-held-at-ies-cristobal-de-monroy-spain\/\" \/>\n<meta property=\"og:locale\" content=\"sk_SK\" \/>\n<meta property=\"og:type\" content=\"article\" \/>\n<meta property=\"og:title\" content=\"Podujatie zameran\u00e9 na \u0161\u00edrenie inform\u00e1ci\u00ed o SDG sa \u00faspe\u0161ne uskuto\u010dnilo v IES Crist\u00f3bal de Monroy v \u0160panielsku - Self-SDG\" \/>\n<meta property=\"og:url\" content=\"https:\/\/selfsdg.eu\/2026\/02\/28\/self-sdg-dissemination-event-successfully-held-at-ies-cristobal-de-monroy-spain\/\" \/>\n<meta property=\"og:site_name\" content=\"Self-SDG\" \/>\n<meta property=\"article:published_time\" content=\"2026-02-28T13:17:45+00:00\" \/>\n<meta property=\"article:modified_time\" content=\"2026-02-28T19:42:34+00:00\" \/>\n<meta property=\"og:image\" content=\"https:\/\/selfsdg.eu\/wp-content\/uploads\/2026\/02\/Evento-de-difusion-Monroy-31.jpeg\" \/>\n\t<meta property=\"og:image:width\" content=\"1600\" \/>\n\t<meta property=\"og:image:height\" content=\"1200\" \/>\n\t<meta property=\"og:image:type\" content=\"image\/jpeg\" \/>\n<meta name=\"author\" content=\"Giorgos Kostopoulos\" \/>\n<meta name=\"twitter:card\" content=\"summary_large_image\" \/>\n<meta name=\"twitter:label1\" content=\"Written by\" \/>\n\t<meta name=\"twitter:data1\" content=\"Giorgos Kostopoulos\" \/>\n\t<meta name=\"twitter:label2\" content=\"Est. reading time\" \/>\n\t<meta name=\"twitter:data2\" content=\"2 minutes\" \/>\n<script type=\"application\/ld+json\" class=\"yoast-schema-graph\">{\"@context\":\"https:\/\/schema.org\",\"@graph\":[{\"@type\":\"WebPage\",\"@id\":\"https:\/\/selfsdg.eu\/2026\/02\/28\/self-sdg-dissemination-event-successfully-held-at-ies-cristobal-de-monroy-spain\/\",\"url\":\"https:\/\/selfsdg.eu\/2026\/02\/28\/self-sdg-dissemination-event-successfully-held-at-ies-cristobal-de-monroy-spain\/\",\"name\":\"Podujatie zameran\u00e9 na \u0161\u00edrenie inform\u00e1ci\u00ed o SDG sa \u00faspe\u0161ne uskuto\u010dnilo v IES Crist\u00f3bal de Monroy v \u0160panielsku - Self-SDG\",\"isPartOf\":{\"@id\":\"https:\/\/selfsdg.eu\/#website\"},\"primaryImageOfPage\":{\"@id\":\"https:\/\/selfsdg.eu\/2026\/02\/28\/self-sdg-dissemination-event-successfully-held-at-ies-cristobal-de-monroy-spain\/#primaryimage\"},\"image\":{\"@id\":\"https:\/\/selfsdg.eu\/2026\/02\/28\/self-sdg-dissemination-event-successfully-held-at-ies-cristobal-de-monroy-spain\/#primaryimage\"},\"thumbnailUrl\":\"https:\/\/selfsdg.eu\/wp-content\/uploads\/2026\/02\/Evento-de-difusion-Monroy-31.jpeg\",\"datePublished\":\"2026-02-28T13:17:45+00:00\",\"dateModified\":\"2026-02-28T19:42:34+00:00\",\"author\":{\"@id\":\"https:\/\/selfsdg.eu\/#\/schema\/person\/63fb78f9c1c14db79f67c445c5883366\"},\"breadcrumb\":{\"@id\":\"https:\/\/selfsdg.eu\/2026\/02\/28\/self-sdg-dissemination-event-successfully-held-at-ies-cristobal-de-monroy-spain\/#breadcrumb\"},\"inLanguage\":\"sk-SK\",\"potentialAction\":[{\"@type\":\"ReadAction\",\"target\":[\"https:\/\/selfsdg.eu\/2026\/02\/28\/self-sdg-dissemination-event-successfully-held-at-ies-cristobal-de-monroy-spain\/\"]}]},{\"@type\":\"ImageObject\",\"inLanguage\":\"sk-SK\",\"@id\":\"https:\/\/selfsdg.eu\/2026\/02\/28\/self-sdg-dissemination-event-successfully-held-at-ies-cristobal-de-monroy-spain\/#primaryimage\",\"url\":\"https:\/\/selfsdg.eu\/wp-content\/uploads\/2026\/02\/Evento-de-difusion-Monroy-31.jpeg\",\"contentUrl\":\"https:\/\/selfsdg.eu\/wp-content\/uploads\/2026\/02\/Evento-de-difusion-Monroy-31.jpeg\",\"width\":1600,\"height\":1200},{\"@type\":\"BreadcrumbList\",\"@id\":\"https:\/\/selfsdg.eu\/2026\/02\/28\/self-sdg-dissemination-event-successfully-held-at-ies-cristobal-de-monroy-spain\/#breadcrumb\",\"itemListElement\":[{\"@type\":\"ListItem\",\"position\":1,\"name\":\"Home\",\"item\":\"https:\/\/selfsdg.eu\/\"},{\"@type\":\"ListItem\",\"position\":2,\"name\":\"Self-SDG Dissemination Event Successfully Held at IES Crist\u00f3bal de Monroy, Spain\"}]},{\"@type\":\"WebSite\",\"@id\":\"https:\/\/selfsdg.eu\/#website\",\"url\":\"https:\/\/selfsdg.eu\/\",\"name\":\"Self-SDG\",\"description\":\"\",\"potentialAction\":[{\"@type\":\"SearchAction\",\"target\":{\"@type\":\"EntryPoint\",\"urlTemplate\":\"https:\/\/selfsdg.eu\/?s={search_term_string}\"},\"query-input\":{\"@type\":\"PropertyValueSpecification\",\"valueRequired\":true,\"valueName\":\"search_term_string\"}}],\"inLanguage\":\"sk-SK\"},{\"@type\":\"Person\",\"@id\":\"https:\/\/selfsdg.eu\/#\/schema\/person\/63fb78f9c1c14db79f67c445c5883366\",\"name\":\"Giorgos Kostopoulos\",\"image\":{\"@type\":\"ImageObject\",\"inLanguage\":\"sk-SK\",\"@id\":\"https:\/\/selfsdg.eu\/#\/schema\/person\/image\/\",\"url\":\"https:\/\/secure.gravatar.com\/avatar\/cfb82fc217403ad98c337ee3da9019f41069b98749fd02e77d8eced58462631c?s=96&d=mm&r=g\",\"contentUrl\":\"https:\/\/secure.gravatar.com\/avatar\/cfb82fc217403ad98c337ee3da9019f41069b98749fd02e77d8eced58462631c?s=96&d=mm&r=g\",\"caption\":\"Giorgos Kostopoulos\"},\"url\":\"https:\/\/selfsdg.eu\/sk\/author\/giorgos\/\"}]}<\/script>\n<!-- \/ Yoast SEO plugin. -->","yoast_head_json":{"title":"Podujatie zameran\u00e9 na \u0161\u00edrenie inform\u00e1ci\u00ed o SDG sa \u00faspe\u0161ne uskuto\u010dnilo v IES Crist\u00f3bal de Monroy v \u0160panielsku - Self-SDG","robots":{"index":"index","follow":"follow","max-snippet":"max-snippet:-1","max-image-preview":"max-image-preview:large","max-video-preview":"max-video-preview:-1"},"canonical":"https:\/\/selfsdg.eu\/2026\/02\/28\/self-sdg-dissemination-event-successfully-held-at-ies-cristobal-de-monroy-spain\/","og_locale":"sk_SK","og_type":"article","og_title":"Podujatie zameran\u00e9 na \u0161\u00edrenie inform\u00e1ci\u00ed o SDG sa \u00faspe\u0161ne uskuto\u010dnilo v IES Crist\u00f3bal de Monroy v \u0160panielsku - Self-SDG","og_url":"https:\/\/selfsdg.eu\/2026\/02\/28\/self-sdg-dissemination-event-successfully-held-at-ies-cristobal-de-monroy-spain\/","og_site_name":"Self-SDG","article_published_time":"2026-02-28T13:17:45+00:00","article_modified_time":"2026-02-28T19:42:34+00:00","og_image":[{"width":1600,"height":1200,"url":"https:\/\/selfsdg.eu\/wp-content\/uploads\/2026\/02\/Evento-de-difusion-Monroy-31.jpeg","type":"image\/jpeg"}],"author":"Giorgos Kostopoulos","twitter_card":"summary_large_image","twitter_misc":{"Written by":"Giorgos Kostopoulos","Est. reading time":"2 minutes"},"schema":{"@context":"https:\/\/schema.org","@graph":[{"@type":"WebPage","@id":"https:\/\/selfsdg.eu\/2026\/02\/28\/self-sdg-dissemination-event-successfully-held-at-ies-cristobal-de-monroy-spain\/","url":"https:\/\/selfsdg.eu\/2026\/02\/28\/self-sdg-dissemination-event-successfully-held-at-ies-cristobal-de-monroy-spain\/","name":"Podujatie zameran\u00e9 na \u0161\u00edrenie inform\u00e1ci\u00ed o SDG sa \u00faspe\u0161ne uskuto\u010dnilo v IES Crist\u00f3bal de Monroy v \u0160panielsku - Self-SDG","isPartOf":{"@id":"https:\/\/selfsdg.eu\/#website"},"primaryImageOfPage":{"@id":"https:\/\/selfsdg.eu\/2026\/02\/28\/self-sdg-dissemination-event-successfully-held-at-ies-cristobal-de-monroy-spain\/#primaryimage"},"image":{"@id":"https:\/\/selfsdg.eu\/2026\/02\/28\/self-sdg-dissemination-event-successfully-held-at-ies-cristobal-de-monroy-spain\/#primaryimage"},"thumbnailUrl":"https:\/\/selfsdg.eu\/wp-content\/uploads\/2026\/02\/Evento-de-difusion-Monroy-31.jpeg","datePublished":"2026-02-28T13:17:45+00:00","dateModified":"2026-02-28T19:42:34+00:00","author":{"@id":"https:\/\/selfsdg.eu\/#\/schema\/person\/63fb78f9c1c14db79f67c445c5883366"},"breadcrumb":{"@id":"https:\/\/selfsdg.eu\/2026\/02\/28\/self-sdg-dissemination-event-successfully-held-at-ies-cristobal-de-monroy-spain\/#breadcrumb"},"inLanguage":"sk-SK","potentialAction":[{"@type":"ReadAction","target":["https:\/\/selfsdg.eu\/2026\/02\/28\/self-sdg-dissemination-event-successfully-held-at-ies-cristobal-de-monroy-spain\/"]}]},{"@type":"ImageObject","inLanguage":"sk-SK","@id":"https:\/\/selfsdg.eu\/2026\/02\/28\/self-sdg-dissemination-event-successfully-held-at-ies-cristobal-de-monroy-spain\/#primaryimage","url":"https:\/\/selfsdg.eu\/wp-content\/uploads\/2026\/02\/Evento-de-difusion-Monroy-31.jpeg","contentUrl":"https:\/\/selfsdg.eu\/wp-content\/uploads\/2026\/02\/Evento-de-difusion-Monroy-31.jpeg","width":1600,"height":1200},{"@type":"BreadcrumbList","@id":"https:\/\/selfsdg.eu\/2026\/02\/28\/self-sdg-dissemination-event-successfully-held-at-ies-cristobal-de-monroy-spain\/#breadcrumb","itemListElement":[{"@type":"ListItem","position":1,"name":"Home","item":"https:\/\/selfsdg.eu\/"},{"@type":"ListItem","position":2,"name":"Self-SDG Dissemination Event Successfully Held at IES Crist\u00f3bal de Monroy, Spain"}]},{"@type":"WebSite","@id":"https:\/\/selfsdg.eu\/#website","url":"https:\/\/selfsdg.eu\/","name":"Self-SDG","description":"","potentialAction":[{"@type":"SearchAction","target":{"@type":"EntryPoint","urlTemplate":"https:\/\/selfsdg.eu\/?s={search_term_string}"},"query-input":{"@type":"PropertyValueSpecification","valueRequired":true,"valueName":"search_term_string"}}],"inLanguage":"sk-SK"},{"@type":"Person","@id":"https:\/\/selfsdg.eu\/#\/schema\/person\/63fb78f9c1c14db79f67c445c5883366","name":"Giorgos Kostopoulos","image":{"@type":"ImageObject","inLanguage":"sk-SK","@id":"https:\/\/selfsdg.eu\/#\/schema\/person\/image\/","url":"https:\/\/secure.gravatar.com\/avatar\/cfb82fc217403ad98c337ee3da9019f41069b98749fd02e77d8eced58462631c?s=96&d=mm&r=g","contentUrl":"https:\/\/secure.gravatar.com\/avatar\/cfb82fc217403ad98c337ee3da9019f41069b98749fd02e77d8eced58462631c?s=96&d=mm&r=g","caption":"Giorgos Kostopoulos"},"url":"https:\/\/selfsdg.eu\/sk\/author\/giorgos\/"}]}},"_links":{"self":[{"href":"https:\/\/selfsdg.eu\/sk\/wp-json\/wp\/v2\/posts\/769","targetHints":{"allow":["GET"]}}],"collection":[{"href":"https:\/\/selfsdg.eu\/sk\/wp-json\/wp\/v2\/posts"}],"about":[{"href":"https:\/\/selfsdg.eu\/sk\/wp-json\/wp\/v2\/types\/post"}],"author":[{"embeddable":true,"href":"https:\/\/selfsdg.eu\/sk\/wp-json\/wp\/v2\/users\/3"}],"replies":[{"embeddable":true,"href":"https:\/\/selfsdg.eu\/sk\/wp-json\/wp\/v2\/comments?post=769"}],"version-history":[{"count":7,"href":"https:\/\/selfsdg.eu\/sk\/wp-json\/wp\/v2\/posts\/769\/revisions"}],"predecessor-version":[{"id":860,"href":"https:\/\/selfsdg.eu\/sk\/wp-json\/wp\/v2\/posts\/769\/revisions\/860"}],"wp:featuredmedia":[{"embeddable":true,"href":"https:\/\/selfsdg.eu\/sk\/wp-json\/wp\/v2\/media\/770"}],"wp:attachment":[{"href":"https:\/\/selfsdg.eu\/sk\/wp-json\/wp\/v2\/media?parent=769"}],"wp:term":[{"taxonomy":"category","embeddable":true,"href":"https:\/\/selfsdg.eu\/sk\/wp-json\/wp\/v2\/categories?post=769"},{"taxonomy":"post_tag","embeddable":true,"href":"https:\/\/selfsdg.eu\/sk\/wp-json\/wp\/v2\/tags?post=769"}],"curies":[{"name":"wp","href":"https:\/\/api.w.org\/{rel}","templated":true}]}}