{"id":690,"date":"2024-06-21T17:01:00","date_gmt":"2024-06-21T17:01:00","guid":{"rendered":"https:\/\/selfsdg.eu\/?p=690"},"modified":"2026-02-19T17:30:02","modified_gmt":"2026-02-19T17:30:02","slug":"jovenes-sostenibles-compromiso-y-accion-por-los-ods-en-el-ies-monroy","status":"publish","type":"post","link":"https:\/\/selfsdg.eu\/sk\/2024\/06\/21\/jovenes-sostenibles-compromiso-y-accion-por-los-ods-en-el-ies-monroy\/","title":{"rendered":"Udr\u017eate\u013en\u00e1 ml\u00e1de\u017e: Z\u00e1v\u00e4zok a \u010diny pre Ciele udr\u017eate\u013en\u00e9ho rozvoja na IES Crist\u00f3bal de Monroy"},"content":{"rendered":"\n<p class=\"wp-block-paragraph\">IES Crist\u00f3bal de Monroy zorganizoval podujatie \u201eMl\u00e1de\u017e pre udr\u017eate\u013enos\u0165: Smerom k CUD\u201c, z\u00e1vere\u010dn\u00fa f\u00e1zu pr\u00e1ce realizovanej v r\u00e1mci projektu. V tejto f\u00e1ze prevzali \u0161tudenti vedenie a rozhodli, ktor\u00e9 udr\u017eate\u013en\u00e9 opatrenia sa maj\u00fa zavies\u0165 v \u0161kole aj v \u0161ir\u0161ej komunite.<\/p>\n\n\n\n<p class=\"wp-block-paragraph\">Pri pr\u00edle\u017eitosti Svetov\u00e9ho d\u0148a \u017eivotn\u00e9ho prostredia \u0161tudenti prezentovali a obhajovali svoje v\u00fdskumy prostredn\u00edctvom r\u00f4znych st\u00e1nkov, ako s\u00fa <em>Vedom\u00e9 stravovanie<\/em>, <em>Transform\u00e1cia<\/em> a <em>Contamundo<\/em>, \u010d\u00edm pribl\u00ed\u017eili Ciele udr\u017eate\u013en\u00e9ho rozvoja celej vzdel\u00e1vacej komunite.<\/p>\n\n\n\n<p class=\"wp-block-paragraph\">T\u00e1to aktivita posilnila praktick\u00e9 a spolupracuj\u00face u\u010denie v r\u00e1mci projektu Erasmus+ KA220-SCH Self-SDG a z\u00e1rove\u0148 sl\u00fa\u017eila na predstavenie bud\u00facej mobilnej aplik\u00e1cie, ktor\u00e1 bude v r\u00e1mci projektu vyvinut\u00e1, \u010d\u00edm sa \u010falej roz\u0161\u00edri dopad projektu na vzdel\u00e1vaciu komunitu.<\/p>\n","protected":false},"excerpt":{"rendered":"<p>IES Crist\u00f3bal de Monroy zorganizoval podujatie \u201eMl\u00e1de\u017e pre udr\u017eate\u013enos\u0165: Smerom k CUD\u201c, z\u00e1vere\u010dn\u00fa f\u00e1zu pr\u00e1ce realizovanej v r\u00e1mci projektu. V tejto f\u00e1ze prevzali \u0161tudenti vedenie a rozhodli, ktor\u00e9 udr\u017eate\u013en\u00e9 opatrenia sa maj\u00fa zavies\u0165 v \u0161kole aj v \u0161ir\u0161ej komunite. Pri pr\u00edle\u017eitosti Svetov\u00e9ho d\u0148a \u017eivotn\u00e9ho prostredia \u0161tudenti prezentovali a obhajovali svoje v\u00fdskumy prostredn\u00edctvom r\u00f4znych st\u00e1nkov, ako [&hellip;]<\/p>\n","protected":false},"author":4,"featured_media":691,"comment_status":"open","ping_status":"open","sticky":false,"template":"","format":"standard","meta":{"footnotes":""},"categories":[3],"tags":[],"class_list":["post-690","post","type-post","status-publish","format-standard","has-post-thumbnail","hentry","category-news"],"translation":{"provider":"WPGlobus","version":"3.0.0","language":"sk","enabled_languages":["en","ro","nl","de","es","sk"],"languages":{"en":{"title":true,"content":true,"excerpt":false},"ro":{"title":true,"content":true,"excerpt":false},"nl":{"title":true,"content":true,"excerpt":false},"de":{"title":true,"content":true,"excerpt":false},"es":{"title":true,"content":true,"excerpt":false},"sk":{"title":true,"content":true,"excerpt":false}}},"yoast_head":"<!-- This site is optimized with the Yoast SEO plugin v23.5 - https:\/\/yoast.com\/wordpress\/plugins\/seo\/ -->\n<title>Udr\u017eate\u013en\u00e1 ml\u00e1de\u017e: Z\u00e1v\u00e4zok a \u010diny pre Ciele udr\u017eate\u013en\u00e9ho rozvoja na IES Crist\u00f3bal de Monroy - Self-SDG<\/title>\n<meta name=\"robots\" content=\"index, follow, max-snippet:-1, max-image-preview:large, max-video-preview:-1\" \/>\n<link rel=\"canonical\" href=\"https:\/\/selfsdg.eu\/2024\/06\/21\/jovenes-sostenibles-compromiso-y-accion-por-los-ods-en-el-ies-monroy\/\" \/>\n<meta property=\"og:locale\" content=\"sk_SK\" \/>\n<meta property=\"og:type\" content=\"article\" \/>\n<meta property=\"og:title\" content=\"Udr\u017eate\u013en\u00e1 ml\u00e1de\u017e: Z\u00e1v\u00e4zok a \u010diny pre Ciele udr\u017eate\u013en\u00e9ho rozvoja na IES Crist\u00f3bal de Monroy - Self-SDG\" \/>\n<meta property=\"og:url\" content=\"https:\/\/selfsdg.eu\/2024\/06\/21\/jovenes-sostenibles-compromiso-y-accion-por-los-ods-en-el-ies-monroy\/\" \/>\n<meta property=\"og:site_name\" content=\"Self-SDG\" \/>\n<meta property=\"article:published_time\" content=\"2024-06-21T17:01:00+00:00\" \/>\n<meta property=\"article:modified_time\" content=\"2026-02-19T17:30:02+00:00\" \/>\n<meta property=\"og:image\" content=\"https:\/\/selfsdg.eu\/wp-content\/uploads\/2026\/02\/SelfEquidad.png\" \/>\n\t<meta property=\"og:image:width\" content=\"536\" \/>\n\t<meta property=\"og:image:height\" content=\"348\" \/>\n\t<meta property=\"og:image:type\" content=\"image\/png\" \/>\n<meta name=\"author\" content=\"Rocio Ortiz\" \/>\n<meta name=\"twitter:card\" content=\"summary_large_image\" \/>\n<meta name=\"twitter:label1\" content=\"Written by\" \/>\n\t<meta name=\"twitter:data1\" content=\"Rocio Ortiz\" \/>\n\t<meta name=\"twitter:label2\" content=\"Est. reading time\" \/>\n\t<meta name=\"twitter:data2\" content=\"1 minute\" \/>\n<script type=\"application\/ld+json\" class=\"yoast-schema-graph\">{\"@context\":\"https:\/\/schema.org\",\"@graph\":[{\"@type\":\"WebPage\",\"@id\":\"https:\/\/selfsdg.eu\/2024\/06\/21\/jovenes-sostenibles-compromiso-y-accion-por-los-ods-en-el-ies-monroy\/\",\"url\":\"https:\/\/selfsdg.eu\/2024\/06\/21\/jovenes-sostenibles-compromiso-y-accion-por-los-ods-en-el-ies-monroy\/\",\"name\":\"Udr\u017eate\u013en\u00e1 ml\u00e1de\u017e: Z\u00e1v\u00e4zok a \u010diny pre Ciele udr\u017eate\u013en\u00e9ho rozvoja na IES Crist\u00f3bal de Monroy - Self-SDG\",\"isPartOf\":{\"@id\":\"https:\/\/selfsdg.eu\/#website\"},\"primaryImageOfPage\":{\"@id\":\"https:\/\/selfsdg.eu\/2024\/06\/21\/jovenes-sostenibles-compromiso-y-accion-por-los-ods-en-el-ies-monroy\/#primaryimage\"},\"image\":{\"@id\":\"https:\/\/selfsdg.eu\/2024\/06\/21\/jovenes-sostenibles-compromiso-y-accion-por-los-ods-en-el-ies-monroy\/#primaryimage\"},\"thumbnailUrl\":\"https:\/\/selfsdg.eu\/wp-content\/uploads\/2026\/02\/SelfEquidad.png\",\"datePublished\":\"2024-06-21T17:01:00+00:00\",\"dateModified\":\"2026-02-19T17:30:02+00:00\",\"author\":{\"@id\":\"https:\/\/selfsdg.eu\/#\/schema\/person\/cf50327a62cfad47d8bea6f54f009b4e\"},\"breadcrumb\":{\"@id\":\"https:\/\/selfsdg.eu\/2024\/06\/21\/jovenes-sostenibles-compromiso-y-accion-por-los-ods-en-el-ies-monroy\/#breadcrumb\"},\"inLanguage\":\"sk-SK\",\"potentialAction\":[{\"@type\":\"ReadAction\",\"target\":[\"https:\/\/selfsdg.eu\/2024\/06\/21\/jovenes-sostenibles-compromiso-y-accion-por-los-ods-en-el-ies-monroy\/\"]}]},{\"@type\":\"ImageObject\",\"inLanguage\":\"sk-SK\",\"@id\":\"https:\/\/selfsdg.eu\/2024\/06\/21\/jovenes-sostenibles-compromiso-y-accion-por-los-ods-en-el-ies-monroy\/#primaryimage\",\"url\":\"https:\/\/selfsdg.eu\/wp-content\/uploads\/2026\/02\/SelfEquidad.png\",\"contentUrl\":\"https:\/\/selfsdg.eu\/wp-content\/uploads\/2026\/02\/SelfEquidad.png\",\"width\":536,\"height\":348},{\"@type\":\"BreadcrumbList\",\"@id\":\"https:\/\/selfsdg.eu\/2024\/06\/21\/jovenes-sostenibles-compromiso-y-accion-por-los-ods-en-el-ies-monroy\/#breadcrumb\",\"itemListElement\":[{\"@type\":\"ListItem\",\"position\":1,\"name\":\"Home\",\"item\":\"https:\/\/selfsdg.eu\/\"},{\"@type\":\"ListItem\",\"position\":2,\"name\":\"Young People for Sustainability: Commitment and Action for the SDGs at IES Crist\u00f3bal de Monroy\"}]},{\"@type\":\"WebSite\",\"@id\":\"https:\/\/selfsdg.eu\/#website\",\"url\":\"https:\/\/selfsdg.eu\/\",\"name\":\"Self-SDG\",\"description\":\"\",\"potentialAction\":[{\"@type\":\"SearchAction\",\"target\":{\"@type\":\"EntryPoint\",\"urlTemplate\":\"https:\/\/selfsdg.eu\/?s={search_term_string}\"},\"query-input\":{\"@type\":\"PropertyValueSpecification\",\"valueRequired\":true,\"valueName\":\"search_term_string\"}}],\"inLanguage\":\"sk-SK\"},{\"@type\":\"Person\",\"@id\":\"https:\/\/selfsdg.eu\/#\/schema\/person\/cf50327a62cfad47d8bea6f54f009b4e\",\"name\":\"Rocio Ortiz\",\"image\":{\"@type\":\"ImageObject\",\"inLanguage\":\"sk-SK\",\"@id\":\"https:\/\/selfsdg.eu\/#\/schema\/person\/image\/\",\"url\":\"https:\/\/secure.gravatar.com\/avatar\/743a9c4c68e0578e55a18740e919b8a7d5c8fca816dfe47568868b31d2364f6e?s=96&d=mm&r=g\",\"contentUrl\":\"https:\/\/secure.gravatar.com\/avatar\/743a9c4c68e0578e55a18740e919b8a7d5c8fca816dfe47568868b31d2364f6e?s=96&d=mm&r=g\",\"caption\":\"Rocio Ortiz\"},\"url\":\"https:\/\/selfsdg.eu\/sk\/author\/rocio\/\"}]}<\/script>\n<!-- \/ Yoast SEO plugin. -->","yoast_head_json":{"title":"Udr\u017eate\u013en\u00e1 ml\u00e1de\u017e: Z\u00e1v\u00e4zok a \u010diny pre Ciele udr\u017eate\u013en\u00e9ho rozvoja na IES Crist\u00f3bal de Monroy - Self-SDG","robots":{"index":"index","follow":"follow","max-snippet":"max-snippet:-1","max-image-preview":"max-image-preview:large","max-video-preview":"max-video-preview:-1"},"canonical":"https:\/\/selfsdg.eu\/2024\/06\/21\/jovenes-sostenibles-compromiso-y-accion-por-los-ods-en-el-ies-monroy\/","og_locale":"sk_SK","og_type":"article","og_title":"Udr\u017eate\u013en\u00e1 ml\u00e1de\u017e: Z\u00e1v\u00e4zok a \u010diny pre Ciele udr\u017eate\u013en\u00e9ho rozvoja na IES Crist\u00f3bal de Monroy - Self-SDG","og_url":"https:\/\/selfsdg.eu\/2024\/06\/21\/jovenes-sostenibles-compromiso-y-accion-por-los-ods-en-el-ies-monroy\/","og_site_name":"Self-SDG","article_published_time":"2024-06-21T17:01:00+00:00","article_modified_time":"2026-02-19T17:30:02+00:00","og_image":[{"width":536,"height":348,"url":"https:\/\/selfsdg.eu\/wp-content\/uploads\/2026\/02\/SelfEquidad.png","type":"image\/png"}],"author":"Rocio Ortiz","twitter_card":"summary_large_image","twitter_misc":{"Written by":"Rocio Ortiz","Est. reading time":"1 minute"},"schema":{"@context":"https:\/\/schema.org","@graph":[{"@type":"WebPage","@id":"https:\/\/selfsdg.eu\/2024\/06\/21\/jovenes-sostenibles-compromiso-y-accion-por-los-ods-en-el-ies-monroy\/","url":"https:\/\/selfsdg.eu\/2024\/06\/21\/jovenes-sostenibles-compromiso-y-accion-por-los-ods-en-el-ies-monroy\/","name":"Udr\u017eate\u013en\u00e1 ml\u00e1de\u017e: Z\u00e1v\u00e4zok a \u010diny pre Ciele udr\u017eate\u013en\u00e9ho rozvoja na IES Crist\u00f3bal de Monroy - Self-SDG","isPartOf":{"@id":"https:\/\/selfsdg.eu\/#website"},"primaryImageOfPage":{"@id":"https:\/\/selfsdg.eu\/2024\/06\/21\/jovenes-sostenibles-compromiso-y-accion-por-los-ods-en-el-ies-monroy\/#primaryimage"},"image":{"@id":"https:\/\/selfsdg.eu\/2024\/06\/21\/jovenes-sostenibles-compromiso-y-accion-por-los-ods-en-el-ies-monroy\/#primaryimage"},"thumbnailUrl":"https:\/\/selfsdg.eu\/wp-content\/uploads\/2026\/02\/SelfEquidad.png","datePublished":"2024-06-21T17:01:00+00:00","dateModified":"2026-02-19T17:30:02+00:00","author":{"@id":"https:\/\/selfsdg.eu\/#\/schema\/person\/cf50327a62cfad47d8bea6f54f009b4e"},"breadcrumb":{"@id":"https:\/\/selfsdg.eu\/2024\/06\/21\/jovenes-sostenibles-compromiso-y-accion-por-los-ods-en-el-ies-monroy\/#breadcrumb"},"inLanguage":"sk-SK","potentialAction":[{"@type":"ReadAction","target":["https:\/\/selfsdg.eu\/2024\/06\/21\/jovenes-sostenibles-compromiso-y-accion-por-los-ods-en-el-ies-monroy\/"]}]},{"@type":"ImageObject","inLanguage":"sk-SK","@id":"https:\/\/selfsdg.eu\/2024\/06\/21\/jovenes-sostenibles-compromiso-y-accion-por-los-ods-en-el-ies-monroy\/#primaryimage","url":"https:\/\/selfsdg.eu\/wp-content\/uploads\/2026\/02\/SelfEquidad.png","contentUrl":"https:\/\/selfsdg.eu\/wp-content\/uploads\/2026\/02\/SelfEquidad.png","width":536,"height":348},{"@type":"BreadcrumbList","@id":"https:\/\/selfsdg.eu\/2024\/06\/21\/jovenes-sostenibles-compromiso-y-accion-por-los-ods-en-el-ies-monroy\/#breadcrumb","itemListElement":[{"@type":"ListItem","position":1,"name":"Home","item":"https:\/\/selfsdg.eu\/"},{"@type":"ListItem","position":2,"name":"Young People for Sustainability: Commitment and Action for the SDGs at IES Crist\u00f3bal de Monroy"}]},{"@type":"WebSite","@id":"https:\/\/selfsdg.eu\/#website","url":"https:\/\/selfsdg.eu\/","name":"Self-SDG","description":"","potentialAction":[{"@type":"SearchAction","target":{"@type":"EntryPoint","urlTemplate":"https:\/\/selfsdg.eu\/?s={search_term_string}"},"query-input":{"@type":"PropertyValueSpecification","valueRequired":true,"valueName":"search_term_string"}}],"inLanguage":"sk-SK"},{"@type":"Person","@id":"https:\/\/selfsdg.eu\/#\/schema\/person\/cf50327a62cfad47d8bea6f54f009b4e","name":"Rocio Ortiz","image":{"@type":"ImageObject","inLanguage":"sk-SK","@id":"https:\/\/selfsdg.eu\/#\/schema\/person\/image\/","url":"https:\/\/secure.gravatar.com\/avatar\/743a9c4c68e0578e55a18740e919b8a7d5c8fca816dfe47568868b31d2364f6e?s=96&d=mm&r=g","contentUrl":"https:\/\/secure.gravatar.com\/avatar\/743a9c4c68e0578e55a18740e919b8a7d5c8fca816dfe47568868b31d2364f6e?s=96&d=mm&r=g","caption":"Rocio Ortiz"},"url":"https:\/\/selfsdg.eu\/sk\/author\/rocio\/"}]}},"_links":{"self":[{"href":"https:\/\/selfsdg.eu\/sk\/wp-json\/wp\/v2\/posts\/690","targetHints":{"allow":["GET"]}}],"collection":[{"href":"https:\/\/selfsdg.eu\/sk\/wp-json\/wp\/v2\/posts"}],"about":[{"href":"https:\/\/selfsdg.eu\/sk\/wp-json\/wp\/v2\/types\/post"}],"author":[{"embeddable":true,"href":"https:\/\/selfsdg.eu\/sk\/wp-json\/wp\/v2\/users\/4"}],"replies":[{"embeddable":true,"href":"https:\/\/selfsdg.eu\/sk\/wp-json\/wp\/v2\/comments?post=690"}],"version-history":[{"count":16,"href":"https:\/\/selfsdg.eu\/sk\/wp-json\/wp\/v2\/posts\/690\/revisions"}],"predecessor-version":[{"id":708,"href":"https:\/\/selfsdg.eu\/sk\/wp-json\/wp\/v2\/posts\/690\/revisions\/708"}],"wp:featuredmedia":[{"embeddable":true,"href":"https:\/\/selfsdg.eu\/sk\/wp-json\/wp\/v2\/media\/691"}],"wp:attachment":[{"href":"https:\/\/selfsdg.eu\/sk\/wp-json\/wp\/v2\/media?parent=690"}],"wp:term":[{"taxonomy":"category","embeddable":true,"href":"https:\/\/selfsdg.eu\/sk\/wp-json\/wp\/v2\/categories?post=690"},{"taxonomy":"post_tag","embeddable":true,"href":"https:\/\/selfsdg.eu\/sk\/wp-json\/wp\/v2\/tags?post=690"}],"curies":[{"name":"wp","href":"https:\/\/api.w.org\/{rel}","templated":true}]}}