{"id":793,"date":"2026-02-28T14:18:05","date_gmt":"2026-02-28T14:18:05","guid":{"rendered":"https:\/\/selfsdg.eu\/?p=793"},"modified":"2026-02-28T14:27:58","modified_gmt":"2026-02-28T14:27:58","slug":"fundacion-avantia-hosts-dissemination-event-to-promote-the-selfsdg-project","status":"publish","type":"post","link":"https:\/\/selfsdg.eu\/ro\/2026\/02\/28\/fundacion-avantia-hosts-dissemination-event-to-promote-the-selfsdg-project\/","title":{"rendered":"Funda\u021bia Avantia organizeaz\u0103 un eveniment de diseminare pentru promovarea proiectului SelfSDG"},"content":{"rendered":"\n<p class=\"wp-block-paragraph\">Funda\u021bia Avantia a organizat recent un eveniment de diseminare pentru a cre\u0219te gradul de con\u0219tientizare cu privire la proiectul SelfSDG \u2014 o ini\u021biativ\u0103 inovatoare Erasmus+ care vizeaz\u0103 capacitarea cet\u0103\u021benilor de a evalua \u0219i consolida angajamentul personal fa\u021b\u0103 de Obiectivele de Dezvoltare Durabil\u0103 (ODD) ale Organiza\u021biei Na\u021biunilor Unite. Evenimentul a reunit participan\u021bi, p\u0103r\u021bi interesate, educatori \u2014 pentru a explora modul \u00een care indivizii pot avea un impact semnificativ \u00een c\u0103l\u0103toria c\u0103tre o lume mai durabil\u0103 p\u00e2n\u0103 \u00een 2030.<br>Evenimentul de diseminare a oferit Funda\u021biei Avantia ocazia de a \u00eemp\u0103rt\u0103\u0219i rezultatele ob\u021binute pe parcursul proiectului, inclusiv rezultatele cheie. Participan\u021bilor li s-a prezentat aplica\u021bia mobil\u0103 SelfSDG, care utilizeaz\u0103 mecanisme de gamificare pentru a face implicarea \u00een SDG accesibil\u0103, m\u0103surabil\u0103 \u0219i pl\u0103cut\u0103 pentru to\u021bi cet\u0103\u021benii.<br>\u00cen timpul sesiunii, participan\u021bii au avut ocazia s\u0103 \u00eencerce aplica\u021bia \u0219i s\u0103 asculte vorbitorii invita\u021bi. Discu\u021bia s-a concentrat pe modalit\u0103\u021bi practice prin care indivizii, comunit\u0103\u021bile \u0219i organiza\u021biile pot contribui la SDG-uri \u00een via\u021ba de zi cu zi.<br>Funda\u021bia Avantia r\u0103m\u00e2ne angajat\u0103 \u00een sensibilizarea opiniei publice cu privire la schimb\u0103rile climatice \u0219i la rolul pe care fiecare individ \u00eel poate juca \u00een realizarea SDG-urilor. Evenimente precum acesta sunt o parte important\u0103 a strategiei de diseminare a proiectului SelfSDG, asigur\u00e2nd c\u0103 resursele \u0219i concluziile sale ajung la un public c\u00e2t mai larg posibil \u00een \u00eentreaga Europ\u0103.<\/p>\n\n\n\n<figure class=\"wp-block-image size-large\"><img loading=\"lazy\" decoding=\"async\" width=\"1024\" height=\"576\" src=\"https:\/\/selfsdg.eu\/wp-content\/uploads\/2026\/02\/WhatsApp-Image-2026-02-10-at-12.38.50-5-1024x576.jpeg\" alt=\"\" class=\"wp-image-807\" srcset=\"https:\/\/selfsdg.eu\/wp-content\/uploads\/2026\/02\/WhatsApp-Image-2026-02-10-at-12.38.50-5-1024x576.jpeg 1024w, https:\/\/selfsdg.eu\/wp-content\/uploads\/2026\/02\/WhatsApp-Image-2026-02-10-at-12.38.50-5-300x169.jpeg 300w, https:\/\/selfsdg.eu\/wp-content\/uploads\/2026\/02\/WhatsApp-Image-2026-02-10-at-12.38.50-5-768x432.jpeg 768w, https:\/\/selfsdg.eu\/wp-content\/uploads\/2026\/02\/WhatsApp-Image-2026-02-10-at-12.38.50-5-1536x864.jpeg 1536w, https:\/\/selfsdg.eu\/wp-content\/uploads\/2026\/02\/WhatsApp-Image-2026-02-10-at-12.38.50-5.jpeg 1599w\" sizes=\"auto, (max-width: 1024px) 100vw, 1024px\" \/><\/figure>\n","protected":false},"excerpt":{"rendered":"<p>Funda\u021bia Avantia a organizat recent un eveniment de diseminare pentru a cre\u0219te gradul de con\u0219tientizare cu privire la proiectul SelfSDG \u2014 o ini\u021biativ\u0103 inovatoare Erasmus+ care vizeaz\u0103 capacitarea cet\u0103\u021benilor de a evalua \u0219i consolida angajamentul personal fa\u021b\u0103 de Obiectivele de Dezvoltare Durabil\u0103 (ODD) ale Organiza\u021biei Na\u021biunilor Unite. Evenimentul a reunit participan\u021bi, p\u0103r\u021bi interesate, educatori \u2014 [&hellip;]<\/p>\n","protected":false},"author":3,"featured_media":794,"comment_status":"open","ping_status":"open","sticky":false,"template":"","format":"standard","meta":{"footnotes":""},"categories":[3],"tags":[],"class_list":["post-793","post","type-post","status-publish","format-standard","has-post-thumbnail","hentry","category-news"],"translation":{"provider":"WPGlobus","version":"3.0.0","language":"ro","enabled_languages":["en","ro","nl","de","es","sk"],"languages":{"en":{"title":true,"content":true,"excerpt":false},"ro":{"title":true,"content":true,"excerpt":false},"nl":{"title":true,"content":true,"excerpt":false},"de":{"title":true,"content":true,"excerpt":false},"es":{"title":true,"content":true,"excerpt":false},"sk":{"title":true,"content":true,"excerpt":false}}},"yoast_head":"<!-- This site is optimized with the Yoast SEO plugin v23.5 - https:\/\/yoast.com\/wordpress\/plugins\/seo\/ -->\n<title>Funda\u021bia Avantia organizeaz\u0103 un eveniment de diseminare pentru promovarea proiectului SelfSDG - Self-SDG<\/title>\n<meta name=\"robots\" content=\"index, follow, max-snippet:-1, max-image-preview:large, max-video-preview:-1\" \/>\n<link rel=\"canonical\" href=\"https:\/\/selfsdg.eu\/2026\/02\/28\/fundacion-avantia-hosts-dissemination-event-to-promote-the-selfsdg-project\/\" \/>\n<meta property=\"og:locale\" content=\"ro_RO\" \/>\n<meta property=\"og:type\" content=\"article\" \/>\n<meta property=\"og:title\" content=\"Funda\u021bia Avantia organizeaz\u0103 un eveniment de diseminare pentru promovarea proiectului SelfSDG - Self-SDG\" \/>\n<meta property=\"og:url\" content=\"https:\/\/selfsdg.eu\/2026\/02\/28\/fundacion-avantia-hosts-dissemination-event-to-promote-the-selfsdg-project\/\" \/>\n<meta property=\"og:site_name\" content=\"Self-SDG\" \/>\n<meta property=\"article:published_time\" content=\"2026-02-28T14:18:05+00:00\" \/>\n<meta property=\"article:modified_time\" content=\"2026-02-28T14:27:58+00:00\" \/>\n<meta property=\"og:image\" content=\"https:\/\/selfsdg.eu\/wp-content\/uploads\/2026\/02\/WhatsApp-Image-2026-02-10-at-12.38.55.jpeg\" \/>\n\t<meta property=\"og:image:width\" content=\"1600\" \/>\n\t<meta property=\"og:image:height\" content=\"900\" \/>\n\t<meta property=\"og:image:type\" content=\"image\/jpeg\" \/>\n<meta name=\"author\" content=\"Giorgos Kostopoulos\" \/>\n<meta name=\"twitter:card\" content=\"summary_large_image\" \/>\n<meta name=\"twitter:label1\" content=\"Written by\" \/>\n\t<meta name=\"twitter:data1\" content=\"Giorgos Kostopoulos\" \/>\n\t<meta name=\"twitter:label2\" content=\"Est. reading time\" \/>\n\t<meta name=\"twitter:data2\" content=\"2 minutes\" \/>\n<script type=\"application\/ld+json\" class=\"yoast-schema-graph\">{\"@context\":\"https:\/\/schema.org\",\"@graph\":[{\"@type\":\"WebPage\",\"@id\":\"https:\/\/selfsdg.eu\/2026\/02\/28\/fundacion-avantia-hosts-dissemination-event-to-promote-the-selfsdg-project\/\",\"url\":\"https:\/\/selfsdg.eu\/2026\/02\/28\/fundacion-avantia-hosts-dissemination-event-to-promote-the-selfsdg-project\/\",\"name\":\"Funda\u021bia Avantia organizeaz\u0103 un eveniment de diseminare pentru promovarea proiectului SelfSDG - Self-SDG\",\"isPartOf\":{\"@id\":\"https:\/\/selfsdg.eu\/#website\"},\"primaryImageOfPage\":{\"@id\":\"https:\/\/selfsdg.eu\/2026\/02\/28\/fundacion-avantia-hosts-dissemination-event-to-promote-the-selfsdg-project\/#primaryimage\"},\"image\":{\"@id\":\"https:\/\/selfsdg.eu\/2026\/02\/28\/fundacion-avantia-hosts-dissemination-event-to-promote-the-selfsdg-project\/#primaryimage\"},\"thumbnailUrl\":\"https:\/\/selfsdg.eu\/wp-content\/uploads\/2026\/02\/WhatsApp-Image-2026-02-10-at-12.38.55.jpeg\",\"datePublished\":\"2026-02-28T14:18:05+00:00\",\"dateModified\":\"2026-02-28T14:27:58+00:00\",\"author\":{\"@id\":\"https:\/\/selfsdg.eu\/#\/schema\/person\/63fb78f9c1c14db79f67c445c5883366\"},\"breadcrumb\":{\"@id\":\"https:\/\/selfsdg.eu\/2026\/02\/28\/fundacion-avantia-hosts-dissemination-event-to-promote-the-selfsdg-project\/#breadcrumb\"},\"inLanguage\":\"ro-RO\",\"potentialAction\":[{\"@type\":\"ReadAction\",\"target\":[\"https:\/\/selfsdg.eu\/2026\/02\/28\/fundacion-avantia-hosts-dissemination-event-to-promote-the-selfsdg-project\/\"]}]},{\"@type\":\"ImageObject\",\"inLanguage\":\"ro-RO\",\"@id\":\"https:\/\/selfsdg.eu\/2026\/02\/28\/fundacion-avantia-hosts-dissemination-event-to-promote-the-selfsdg-project\/#primaryimage\",\"url\":\"https:\/\/selfsdg.eu\/wp-content\/uploads\/2026\/02\/WhatsApp-Image-2026-02-10-at-12.38.55.jpeg\",\"contentUrl\":\"https:\/\/selfsdg.eu\/wp-content\/uploads\/2026\/02\/WhatsApp-Image-2026-02-10-at-12.38.55.jpeg\",\"width\":1600,\"height\":900},{\"@type\":\"BreadcrumbList\",\"@id\":\"https:\/\/selfsdg.eu\/2026\/02\/28\/fundacion-avantia-hosts-dissemination-event-to-promote-the-selfsdg-project\/#breadcrumb\",\"itemListElement\":[{\"@type\":\"ListItem\",\"position\":1,\"name\":\"Home\",\"item\":\"https:\/\/selfsdg.eu\/\"},{\"@type\":\"ListItem\",\"position\":2,\"name\":\"Fundaci\u00f3n Avantia Hosts Dissemination Event to Promote the SelfSDG Project\"}]},{\"@type\":\"WebSite\",\"@id\":\"https:\/\/selfsdg.eu\/#website\",\"url\":\"https:\/\/selfsdg.eu\/\",\"name\":\"Self-SDG\",\"description\":\"\",\"potentialAction\":[{\"@type\":\"SearchAction\",\"target\":{\"@type\":\"EntryPoint\",\"urlTemplate\":\"https:\/\/selfsdg.eu\/?s={search_term_string}\"},\"query-input\":{\"@type\":\"PropertyValueSpecification\",\"valueRequired\":true,\"valueName\":\"search_term_string\"}}],\"inLanguage\":\"ro-RO\"},{\"@type\":\"Person\",\"@id\":\"https:\/\/selfsdg.eu\/#\/schema\/person\/63fb78f9c1c14db79f67c445c5883366\",\"name\":\"Giorgos Kostopoulos\",\"image\":{\"@type\":\"ImageObject\",\"inLanguage\":\"ro-RO\",\"@id\":\"https:\/\/selfsdg.eu\/#\/schema\/person\/image\/\",\"url\":\"https:\/\/secure.gravatar.com\/avatar\/cfb82fc217403ad98c337ee3da9019f41069b98749fd02e77d8eced58462631c?s=96&d=mm&r=g\",\"contentUrl\":\"https:\/\/secure.gravatar.com\/avatar\/cfb82fc217403ad98c337ee3da9019f41069b98749fd02e77d8eced58462631c?s=96&d=mm&r=g\",\"caption\":\"Giorgos Kostopoulos\"},\"url\":\"https:\/\/selfsdg.eu\/ro\/author\/giorgos\/\"}]}<\/script>\n<!-- \/ Yoast SEO plugin. -->","yoast_head_json":{"title":"Funda\u021bia Avantia organizeaz\u0103 un eveniment de diseminare pentru promovarea proiectului SelfSDG - Self-SDG","robots":{"index":"index","follow":"follow","max-snippet":"max-snippet:-1","max-image-preview":"max-image-preview:large","max-video-preview":"max-video-preview:-1"},"canonical":"https:\/\/selfsdg.eu\/2026\/02\/28\/fundacion-avantia-hosts-dissemination-event-to-promote-the-selfsdg-project\/","og_locale":"ro_RO","og_type":"article","og_title":"Funda\u021bia Avantia organizeaz\u0103 un eveniment de diseminare pentru promovarea proiectului SelfSDG - Self-SDG","og_url":"https:\/\/selfsdg.eu\/2026\/02\/28\/fundacion-avantia-hosts-dissemination-event-to-promote-the-selfsdg-project\/","og_site_name":"Self-SDG","article_published_time":"2026-02-28T14:18:05+00:00","article_modified_time":"2026-02-28T14:27:58+00:00","og_image":[{"width":1600,"height":900,"url":"https:\/\/selfsdg.eu\/wp-content\/uploads\/2026\/02\/WhatsApp-Image-2026-02-10-at-12.38.55.jpeg","type":"image\/jpeg"}],"author":"Giorgos Kostopoulos","twitter_card":"summary_large_image","twitter_misc":{"Written by":"Giorgos Kostopoulos","Est. reading time":"2 minutes"},"schema":{"@context":"https:\/\/schema.org","@graph":[{"@type":"WebPage","@id":"https:\/\/selfsdg.eu\/2026\/02\/28\/fundacion-avantia-hosts-dissemination-event-to-promote-the-selfsdg-project\/","url":"https:\/\/selfsdg.eu\/2026\/02\/28\/fundacion-avantia-hosts-dissemination-event-to-promote-the-selfsdg-project\/","name":"Funda\u021bia Avantia organizeaz\u0103 un eveniment de diseminare pentru promovarea proiectului SelfSDG - Self-SDG","isPartOf":{"@id":"https:\/\/selfsdg.eu\/#website"},"primaryImageOfPage":{"@id":"https:\/\/selfsdg.eu\/2026\/02\/28\/fundacion-avantia-hosts-dissemination-event-to-promote-the-selfsdg-project\/#primaryimage"},"image":{"@id":"https:\/\/selfsdg.eu\/2026\/02\/28\/fundacion-avantia-hosts-dissemination-event-to-promote-the-selfsdg-project\/#primaryimage"},"thumbnailUrl":"https:\/\/selfsdg.eu\/wp-content\/uploads\/2026\/02\/WhatsApp-Image-2026-02-10-at-12.38.55.jpeg","datePublished":"2026-02-28T14:18:05+00:00","dateModified":"2026-02-28T14:27:58+00:00","author":{"@id":"https:\/\/selfsdg.eu\/#\/schema\/person\/63fb78f9c1c14db79f67c445c5883366"},"breadcrumb":{"@id":"https:\/\/selfsdg.eu\/2026\/02\/28\/fundacion-avantia-hosts-dissemination-event-to-promote-the-selfsdg-project\/#breadcrumb"},"inLanguage":"ro-RO","potentialAction":[{"@type":"ReadAction","target":["https:\/\/selfsdg.eu\/2026\/02\/28\/fundacion-avantia-hosts-dissemination-event-to-promote-the-selfsdg-project\/"]}]},{"@type":"ImageObject","inLanguage":"ro-RO","@id":"https:\/\/selfsdg.eu\/2026\/02\/28\/fundacion-avantia-hosts-dissemination-event-to-promote-the-selfsdg-project\/#primaryimage","url":"https:\/\/selfsdg.eu\/wp-content\/uploads\/2026\/02\/WhatsApp-Image-2026-02-10-at-12.38.55.jpeg","contentUrl":"https:\/\/selfsdg.eu\/wp-content\/uploads\/2026\/02\/WhatsApp-Image-2026-02-10-at-12.38.55.jpeg","width":1600,"height":900},{"@type":"BreadcrumbList","@id":"https:\/\/selfsdg.eu\/2026\/02\/28\/fundacion-avantia-hosts-dissemination-event-to-promote-the-selfsdg-project\/#breadcrumb","itemListElement":[{"@type":"ListItem","position":1,"name":"Home","item":"https:\/\/selfsdg.eu\/"},{"@type":"ListItem","position":2,"name":"Fundaci\u00f3n Avantia Hosts Dissemination Event to Promote the SelfSDG Project"}]},{"@type":"WebSite","@id":"https:\/\/selfsdg.eu\/#website","url":"https:\/\/selfsdg.eu\/","name":"Self-SDG","description":"","potentialAction":[{"@type":"SearchAction","target":{"@type":"EntryPoint","urlTemplate":"https:\/\/selfsdg.eu\/?s={search_term_string}"},"query-input":{"@type":"PropertyValueSpecification","valueRequired":true,"valueName":"search_term_string"}}],"inLanguage":"ro-RO"},{"@type":"Person","@id":"https:\/\/selfsdg.eu\/#\/schema\/person\/63fb78f9c1c14db79f67c445c5883366","name":"Giorgos Kostopoulos","image":{"@type":"ImageObject","inLanguage":"ro-RO","@id":"https:\/\/selfsdg.eu\/#\/schema\/person\/image\/","url":"https:\/\/secure.gravatar.com\/avatar\/cfb82fc217403ad98c337ee3da9019f41069b98749fd02e77d8eced58462631c?s=96&d=mm&r=g","contentUrl":"https:\/\/secure.gravatar.com\/avatar\/cfb82fc217403ad98c337ee3da9019f41069b98749fd02e77d8eced58462631c?s=96&d=mm&r=g","caption":"Giorgos Kostopoulos"},"url":"https:\/\/selfsdg.eu\/ro\/author\/giorgos\/"}]}},"_links":{"self":[{"href":"https:\/\/selfsdg.eu\/ro\/wp-json\/wp\/v2\/posts\/793","targetHints":{"allow":["GET"]}}],"collection":[{"href":"https:\/\/selfsdg.eu\/ro\/wp-json\/wp\/v2\/posts"}],"about":[{"href":"https:\/\/selfsdg.eu\/ro\/wp-json\/wp\/v2\/types\/post"}],"author":[{"embeddable":true,"href":"https:\/\/selfsdg.eu\/ro\/wp-json\/wp\/v2\/users\/3"}],"replies":[{"embeddable":true,"href":"https:\/\/selfsdg.eu\/ro\/wp-json\/wp\/v2\/comments?post=793"}],"version-history":[{"count":7,"href":"https:\/\/selfsdg.eu\/ro\/wp-json\/wp\/v2\/posts\/793\/revisions"}],"predecessor-version":[{"id":808,"href":"https:\/\/selfsdg.eu\/ro\/wp-json\/wp\/v2\/posts\/793\/revisions\/808"}],"wp:featuredmedia":[{"embeddable":true,"href":"https:\/\/selfsdg.eu\/ro\/wp-json\/wp\/v2\/media\/794"}],"wp:attachment":[{"href":"https:\/\/selfsdg.eu\/ro\/wp-json\/wp\/v2\/media?parent=793"}],"wp:term":[{"taxonomy":"category","embeddable":true,"href":"https:\/\/selfsdg.eu\/ro\/wp-json\/wp\/v2\/categories?post=793"},{"taxonomy":"post_tag","embeddable":true,"href":"https:\/\/selfsdg.eu\/ro\/wp-json\/wp\/v2\/tags?post=793"}],"curies":[{"name":"wp","href":"https:\/\/api.w.org\/{rel}","templated":true}]}}