{"id":717,"date":"2024-11-08T17:34:00","date_gmt":"2024-11-08T17:34:00","guid":{"rendered":"https:\/\/selfsdg.eu\/?p=717"},"modified":"2026-02-19T18:22:23","modified_gmt":"2026-02-19T18:22:23","slug":"self-sdg-impulsando-la-educacion-en-sostenibilidad-y-los-ods","status":"publish","type":"post","link":"https:\/\/selfsdg.eu\/ro\/2024\/11\/08\/self-sdg-impulsando-la-educacion-en-sostenibilidad-y-los-ods\/","title":{"rendered":"Self-SDG: Promovarea educa\u021biei pentru sustenabilitate \u0219i a ODD-urilor"},"content":{"rendered":"\n<p class=\"wp-block-paragraph\">La 6 noiembrie 2024, proiectul european <strong>KA220 Self-SDG<\/strong> a fost prezentat \u00eentr-un reportaj realizat de Vivam\u00f3vilTV, televiziunea local\u0103 din Alcal\u00e1 de Guada\u00edra. Emisiunea a eviden\u021biat obiectivele \u0219i progresul acestei ini\u021biative Erasmus+, axate pe educa\u021bia pentru sustenabilitate \u0219i dezvoltarea unei aplica\u021bii mobile bazate pe ODD-uri.<\/p>\n\n\n\n<p class=\"wp-block-paragraph\">Reportajul a subliniat colaborarea interna\u021bional\u0103 (Germania, Slovacia, Spania, \u021a\u0103rile de Jos \u0219i Rom\u00e2nia) \u0219i angajamentul <strong>IES Crist\u00f3bal de Monroy<\/strong> fa\u021b\u0103 de practici educa\u021bionale responsabile. Prezentarea a contribuit la cre\u0219terea vizibilit\u0103\u021bii proiectului \u0219i a eviden\u021biat importan\u021ba ODD-urilor \u00een cadrul comunit\u0103\u021bii.<\/p>\n","protected":false},"excerpt":{"rendered":"<p>La 6 noiembrie 2024, proiectul european KA220 Self-SDG a fost prezentat \u00eentr-un reportaj realizat de Vivam\u00f3vilTV, televiziunea local\u0103 din Alcal\u00e1 de Guada\u00edra. Emisiunea a eviden\u021biat obiectivele \u0219i progresul acestei ini\u021biative Erasmus+, axate pe educa\u021bia pentru sustenabilitate \u0219i dezvoltarea unei aplica\u021bii mobile bazate pe ODD-uri. Reportajul a subliniat colaborarea interna\u021bional\u0103 (Germania, Slovacia, Spania, \u021a\u0103rile de Jos [&hellip;]<\/p>\n","protected":false},"author":4,"featured_media":719,"comment_status":"open","ping_status":"open","sticky":false,"template":"","format":"standard","meta":{"footnotes":""},"categories":[3],"tags":[],"class_list":["post-717","post","type-post","status-publish","format-standard","has-post-thumbnail","hentry","category-news"],"translation":{"provider":"WPGlobus","version":"3.0.0","language":"ro","enabled_languages":["en","ro","nl","de","es","sk"],"languages":{"en":{"title":true,"content":true,"excerpt":false},"ro":{"title":true,"content":true,"excerpt":false},"nl":{"title":true,"content":true,"excerpt":false},"de":{"title":true,"content":false,"excerpt":false},"es":{"title":true,"content":true,"excerpt":false},"sk":{"title":true,"content":true,"excerpt":false}}},"yoast_head":"<!-- This site is optimized with the Yoast SEO plugin v23.5 - https:\/\/yoast.com\/wordpress\/plugins\/seo\/ -->\n<title>Self-SDG: Promovarea educa\u021biei pentru sustenabilitate \u0219i a ODD-urilor - Self-SDG<\/title>\n<meta name=\"robots\" content=\"index, follow, max-snippet:-1, max-image-preview:large, max-video-preview:-1\" \/>\n<link rel=\"canonical\" href=\"https:\/\/selfsdg.eu\/2024\/11\/08\/self-sdg-impulsando-la-educacion-en-sostenibilidad-y-los-ods\/\" \/>\n<meta property=\"og:locale\" content=\"ro_RO\" \/>\n<meta property=\"og:type\" content=\"article\" \/>\n<meta property=\"og:title\" content=\"Self-SDG: Promovarea educa\u021biei pentru sustenabilitate \u0219i a ODD-urilor - Self-SDG\" \/>\n<meta property=\"og:url\" content=\"https:\/\/selfsdg.eu\/2024\/11\/08\/self-sdg-impulsando-la-educacion-en-sostenibilidad-y-los-ods\/\" \/>\n<meta property=\"og:site_name\" content=\"Self-SDG\" \/>\n<meta property=\"article:published_time\" content=\"2024-11-08T17:34:00+00:00\" \/>\n<meta property=\"article:modified_time\" content=\"2026-02-19T18:22:23+00:00\" \/>\n<meta property=\"og:image\" content=\"https:\/\/selfsdg.eu\/wp-content\/uploads\/2024\/11\/SelfTV.png\" \/>\n\t<meta property=\"og:image:width\" content=\"1040\" \/>\n\t<meta property=\"og:image:height\" content=\"846\" \/>\n\t<meta property=\"og:image:type\" content=\"image\/png\" \/>\n<meta name=\"author\" content=\"Rocio Ortiz\" \/>\n<meta name=\"twitter:card\" content=\"summary_large_image\" \/>\n<meta name=\"twitter:label1\" content=\"Written by\" \/>\n\t<meta name=\"twitter:data1\" content=\"Rocio Ortiz\" \/>\n\t<meta name=\"twitter:label2\" content=\"Est. reading time\" \/>\n\t<meta name=\"twitter:data2\" content=\"3 minutes\" \/>\n<script type=\"application\/ld+json\" class=\"yoast-schema-graph\">{\"@context\":\"https:\/\/schema.org\",\"@graph\":[{\"@type\":\"WebPage\",\"@id\":\"https:\/\/selfsdg.eu\/2024\/11\/08\/self-sdg-impulsando-la-educacion-en-sostenibilidad-y-los-ods\/\",\"url\":\"https:\/\/selfsdg.eu\/2024\/11\/08\/self-sdg-impulsando-la-educacion-en-sostenibilidad-y-los-ods\/\",\"name\":\"Self-SDG: Promovarea educa\u021biei pentru sustenabilitate \u0219i a ODD-urilor - Self-SDG\",\"isPartOf\":{\"@id\":\"https:\/\/selfsdg.eu\/#website\"},\"primaryImageOfPage\":{\"@id\":\"https:\/\/selfsdg.eu\/2024\/11\/08\/self-sdg-impulsando-la-educacion-en-sostenibilidad-y-los-ods\/#primaryimage\"},\"image\":{\"@id\":\"https:\/\/selfsdg.eu\/2024\/11\/08\/self-sdg-impulsando-la-educacion-en-sostenibilidad-y-los-ods\/#primaryimage\"},\"thumbnailUrl\":\"https:\/\/selfsdg.eu\/wp-content\/uploads\/2024\/11\/SelfTV.png\",\"datePublished\":\"2024-11-08T17:34:00+00:00\",\"dateModified\":\"2026-02-19T18:22:23+00:00\",\"author\":{\"@id\":\"https:\/\/selfsdg.eu\/#\/schema\/person\/cf50327a62cfad47d8bea6f54f009b4e\"},\"breadcrumb\":{\"@id\":\"https:\/\/selfsdg.eu\/2024\/11\/08\/self-sdg-impulsando-la-educacion-en-sostenibilidad-y-los-ods\/#breadcrumb\"},\"inLanguage\":\"ro-RO\",\"potentialAction\":[{\"@type\":\"ReadAction\",\"target\":[\"https:\/\/selfsdg.eu\/2024\/11\/08\/self-sdg-impulsando-la-educacion-en-sostenibilidad-y-los-ods\/\"]}]},{\"@type\":\"ImageObject\",\"inLanguage\":\"ro-RO\",\"@id\":\"https:\/\/selfsdg.eu\/2024\/11\/08\/self-sdg-impulsando-la-educacion-en-sostenibilidad-y-los-ods\/#primaryimage\",\"url\":\"https:\/\/selfsdg.eu\/wp-content\/uploads\/2024\/11\/SelfTV.png\",\"contentUrl\":\"https:\/\/selfsdg.eu\/wp-content\/uploads\/2024\/11\/SelfTV.png\",\"width\":1040,\"height\":846},{\"@type\":\"BreadcrumbList\",\"@id\":\"https:\/\/selfsdg.eu\/2024\/11\/08\/self-sdg-impulsando-la-educacion-en-sostenibilidad-y-los-ods\/#breadcrumb\",\"itemListElement\":[{\"@type\":\"ListItem\",\"position\":1,\"name\":\"Home\",\"item\":\"https:\/\/selfsdg.eu\/\"},{\"@type\":\"ListItem\",\"position\":2,\"name\":\"Self-SDG: Promoting Sustainability Education and the SDGs\"}]},{\"@type\":\"WebSite\",\"@id\":\"https:\/\/selfsdg.eu\/#website\",\"url\":\"https:\/\/selfsdg.eu\/\",\"name\":\"Self-SDG\",\"description\":\"\",\"potentialAction\":[{\"@type\":\"SearchAction\",\"target\":{\"@type\":\"EntryPoint\",\"urlTemplate\":\"https:\/\/selfsdg.eu\/?s={search_term_string}\"},\"query-input\":{\"@type\":\"PropertyValueSpecification\",\"valueRequired\":true,\"valueName\":\"search_term_string\"}}],\"inLanguage\":\"ro-RO\"},{\"@type\":\"Person\",\"@id\":\"https:\/\/selfsdg.eu\/#\/schema\/person\/cf50327a62cfad47d8bea6f54f009b4e\",\"name\":\"Rocio Ortiz\",\"image\":{\"@type\":\"ImageObject\",\"inLanguage\":\"ro-RO\",\"@id\":\"https:\/\/selfsdg.eu\/#\/schema\/person\/image\/\",\"url\":\"https:\/\/secure.gravatar.com\/avatar\/743a9c4c68e0578e55a18740e919b8a7d5c8fca816dfe47568868b31d2364f6e?s=96&d=mm&r=g\",\"contentUrl\":\"https:\/\/secure.gravatar.com\/avatar\/743a9c4c68e0578e55a18740e919b8a7d5c8fca816dfe47568868b31d2364f6e?s=96&d=mm&r=g\",\"caption\":\"Rocio Ortiz\"},\"url\":\"https:\/\/selfsdg.eu\/ro\/author\/rocio\/\"}]}<\/script>\n<!-- \/ Yoast SEO plugin. -->","yoast_head_json":{"title":"Self-SDG: Promovarea educa\u021biei pentru sustenabilitate \u0219i a ODD-urilor - Self-SDG","robots":{"index":"index","follow":"follow","max-snippet":"max-snippet:-1","max-image-preview":"max-image-preview:large","max-video-preview":"max-video-preview:-1"},"canonical":"https:\/\/selfsdg.eu\/2024\/11\/08\/self-sdg-impulsando-la-educacion-en-sostenibilidad-y-los-ods\/","og_locale":"ro_RO","og_type":"article","og_title":"Self-SDG: Promovarea educa\u021biei pentru sustenabilitate \u0219i a ODD-urilor - Self-SDG","og_url":"https:\/\/selfsdg.eu\/2024\/11\/08\/self-sdg-impulsando-la-educacion-en-sostenibilidad-y-los-ods\/","og_site_name":"Self-SDG","article_published_time":"2024-11-08T17:34:00+00:00","article_modified_time":"2026-02-19T18:22:23+00:00","og_image":[{"width":1040,"height":846,"url":"https:\/\/selfsdg.eu\/wp-content\/uploads\/2024\/11\/SelfTV.png","type":"image\/png"}],"author":"Rocio Ortiz","twitter_card":"summary_large_image","twitter_misc":{"Written by":"Rocio Ortiz","Est. reading time":"3 minutes"},"schema":{"@context":"https:\/\/schema.org","@graph":[{"@type":"WebPage","@id":"https:\/\/selfsdg.eu\/2024\/11\/08\/self-sdg-impulsando-la-educacion-en-sostenibilidad-y-los-ods\/","url":"https:\/\/selfsdg.eu\/2024\/11\/08\/self-sdg-impulsando-la-educacion-en-sostenibilidad-y-los-ods\/","name":"Self-SDG: Promovarea educa\u021biei pentru sustenabilitate \u0219i a ODD-urilor - Self-SDG","isPartOf":{"@id":"https:\/\/selfsdg.eu\/#website"},"primaryImageOfPage":{"@id":"https:\/\/selfsdg.eu\/2024\/11\/08\/self-sdg-impulsando-la-educacion-en-sostenibilidad-y-los-ods\/#primaryimage"},"image":{"@id":"https:\/\/selfsdg.eu\/2024\/11\/08\/self-sdg-impulsando-la-educacion-en-sostenibilidad-y-los-ods\/#primaryimage"},"thumbnailUrl":"https:\/\/selfsdg.eu\/wp-content\/uploads\/2024\/11\/SelfTV.png","datePublished":"2024-11-08T17:34:00+00:00","dateModified":"2026-02-19T18:22:23+00:00","author":{"@id":"https:\/\/selfsdg.eu\/#\/schema\/person\/cf50327a62cfad47d8bea6f54f009b4e"},"breadcrumb":{"@id":"https:\/\/selfsdg.eu\/2024\/11\/08\/self-sdg-impulsando-la-educacion-en-sostenibilidad-y-los-ods\/#breadcrumb"},"inLanguage":"ro-RO","potentialAction":[{"@type":"ReadAction","target":["https:\/\/selfsdg.eu\/2024\/11\/08\/self-sdg-impulsando-la-educacion-en-sostenibilidad-y-los-ods\/"]}]},{"@type":"ImageObject","inLanguage":"ro-RO","@id":"https:\/\/selfsdg.eu\/2024\/11\/08\/self-sdg-impulsando-la-educacion-en-sostenibilidad-y-los-ods\/#primaryimage","url":"https:\/\/selfsdg.eu\/wp-content\/uploads\/2024\/11\/SelfTV.png","contentUrl":"https:\/\/selfsdg.eu\/wp-content\/uploads\/2024\/11\/SelfTV.png","width":1040,"height":846},{"@type":"BreadcrumbList","@id":"https:\/\/selfsdg.eu\/2024\/11\/08\/self-sdg-impulsando-la-educacion-en-sostenibilidad-y-los-ods\/#breadcrumb","itemListElement":[{"@type":"ListItem","position":1,"name":"Home","item":"https:\/\/selfsdg.eu\/"},{"@type":"ListItem","position":2,"name":"Self-SDG: Promoting Sustainability Education and the SDGs"}]},{"@type":"WebSite","@id":"https:\/\/selfsdg.eu\/#website","url":"https:\/\/selfsdg.eu\/","name":"Self-SDG","description":"","potentialAction":[{"@type":"SearchAction","target":{"@type":"EntryPoint","urlTemplate":"https:\/\/selfsdg.eu\/?s={search_term_string}"},"query-input":{"@type":"PropertyValueSpecification","valueRequired":true,"valueName":"search_term_string"}}],"inLanguage":"ro-RO"},{"@type":"Person","@id":"https:\/\/selfsdg.eu\/#\/schema\/person\/cf50327a62cfad47d8bea6f54f009b4e","name":"Rocio Ortiz","image":{"@type":"ImageObject","inLanguage":"ro-RO","@id":"https:\/\/selfsdg.eu\/#\/schema\/person\/image\/","url":"https:\/\/secure.gravatar.com\/avatar\/743a9c4c68e0578e55a18740e919b8a7d5c8fca816dfe47568868b31d2364f6e?s=96&d=mm&r=g","contentUrl":"https:\/\/secure.gravatar.com\/avatar\/743a9c4c68e0578e55a18740e919b8a7d5c8fca816dfe47568868b31d2364f6e?s=96&d=mm&r=g","caption":"Rocio Ortiz"},"url":"https:\/\/selfsdg.eu\/ro\/author\/rocio\/"}]}},"_links":{"self":[{"href":"https:\/\/selfsdg.eu\/ro\/wp-json\/wp\/v2\/posts\/717","targetHints":{"allow":["GET"]}}],"collection":[{"href":"https:\/\/selfsdg.eu\/ro\/wp-json\/wp\/v2\/posts"}],"about":[{"href":"https:\/\/selfsdg.eu\/ro\/wp-json\/wp\/v2\/types\/post"}],"author":[{"embeddable":true,"href":"https:\/\/selfsdg.eu\/ro\/wp-json\/wp\/v2\/users\/4"}],"replies":[{"embeddable":true,"href":"https:\/\/selfsdg.eu\/ro\/wp-json\/wp\/v2\/comments?post=717"}],"version-history":[{"count":11,"href":"https:\/\/selfsdg.eu\/ro\/wp-json\/wp\/v2\/posts\/717\/revisions"}],"predecessor-version":[{"id":731,"href":"https:\/\/selfsdg.eu\/ro\/wp-json\/wp\/v2\/posts\/717\/revisions\/731"}],"wp:featuredmedia":[{"embeddable":true,"href":"https:\/\/selfsdg.eu\/ro\/wp-json\/wp\/v2\/media\/719"}],"wp:attachment":[{"href":"https:\/\/selfsdg.eu\/ro\/wp-json\/wp\/v2\/media?parent=717"}],"wp:term":[{"taxonomy":"category","embeddable":true,"href":"https:\/\/selfsdg.eu\/ro\/wp-json\/wp\/v2\/categories?post=717"},{"taxonomy":"post_tag","embeddable":true,"href":"https:\/\/selfsdg.eu\/ro\/wp-json\/wp\/v2\/tags?post=717"}],"curies":[{"name":"wp","href":"https:\/\/api.w.org\/{rel}","templated":true}]}}