{"id":690,"date":"2024-06-21T17:01:00","date_gmt":"2024-06-21T17:01:00","guid":{"rendered":"https:\/\/selfsdg.eu\/?p=690"},"modified":"2026-02-19T17:30:02","modified_gmt":"2026-02-19T17:30:02","slug":"jovenes-sostenibles-compromiso-y-accion-por-los-ods-en-el-ies-monroy","status":"publish","type":"post","link":"https:\/\/selfsdg.eu\/ro\/2024\/06\/21\/jovenes-sostenibles-compromiso-y-accion-por-los-ods-en-el-ies-monroy\/","title":{"rendered":"Tineri Sustenabili: Angajament \u0219i Ac\u021biune pentru ODD la IES Crist\u00f3bal de Monroy"},"content":{"rendered":"\n<p class=\"wp-block-paragraph\">IES Crist\u00f3bal de Monroy a organizat evenimentul \u201eTineri pentru Sustenabilitate: C\u0103tre ODD-uri\u201d, etapa final\u0103 a activit\u0103\u021bilor desf\u0103\u0219urate \u00een cadrul proiectului. \u00cen aceast\u0103 faz\u0103, elevii au avut rolul principal, hot\u0103r\u00e2nd ce ac\u021biuni sustenabile s\u0103 fie implementate at\u00e2t \u00een \u0219coal\u0103, c\u00e2t \u0219i \u00een comunitatea local\u0103.<\/p>\n\n\n\n<p class=\"wp-block-paragraph\">Coincid\u00e2nd cu Ziua Mondial\u0103 a Mediului, elevii \u0219i-au prezentat \u0219i sus\u021binut cercet\u0103rile prin diferite standuri, precum <em>Nutri\u021bie Con\u0219tient\u0103<\/em>, <em>Transformare<\/em> \u0219i <em>Contamundo<\/em>, aduc\u00e2nd Obiectivele de Dezvoltare Durabil\u0103 mai aproape de \u00eentreaga comunitate educa\u021bional\u0103.<\/p>\n\n\n\n<p class=\"wp-block-paragraph\">Activitatea a consolidat \u00eenv\u0103\u021barea practic\u0103 \u0219i colaborativ\u0103 \u00een cadrul proiectului Erasmus+ KA220-SCH Self-SDG \u0219i a oferit, de asemenea, ocazia de a prezenta viitoarea aplica\u021bie mobil\u0103 care va fi dezvoltat\u0103 \u00een cadrul acestuia, extinz\u00e2nd \u0219i mai mult impactul proiectului asupra comunit\u0103\u021bii educa\u021bionale.<\/p>\n","protected":false},"excerpt":{"rendered":"<p>IES Crist\u00f3bal de Monroy a organizat evenimentul \u201eTineri pentru Sustenabilitate: C\u0103tre ODD-uri\u201d, etapa final\u0103 a activit\u0103\u021bilor desf\u0103\u0219urate \u00een cadrul proiectului. \u00cen aceast\u0103 faz\u0103, elevii au avut rolul principal, hot\u0103r\u00e2nd ce ac\u021biuni sustenabile s\u0103 fie implementate at\u00e2t \u00een \u0219coal\u0103, c\u00e2t \u0219i \u00een comunitatea local\u0103. Coincid\u00e2nd cu Ziua Mondial\u0103 a Mediului, elevii \u0219i-au prezentat \u0219i sus\u021binut cercet\u0103rile [&hellip;]<\/p>\n","protected":false},"author":4,"featured_media":691,"comment_status":"open","ping_status":"open","sticky":false,"template":"","format":"standard","meta":{"footnotes":""},"categories":[3],"tags":[],"class_list":["post-690","post","type-post","status-publish","format-standard","has-post-thumbnail","hentry","category-news"],"translation":{"provider":"WPGlobus","version":"3.0.0","language":"ro","enabled_languages":["en","ro","nl","de","es","sk"],"languages":{"en":{"title":true,"content":true,"excerpt":false},"ro":{"title":true,"content":true,"excerpt":false},"nl":{"title":true,"content":true,"excerpt":false},"de":{"title":true,"content":true,"excerpt":false},"es":{"title":true,"content":true,"excerpt":false},"sk":{"title":true,"content":true,"excerpt":false}}},"yoast_head":"<!-- This site is optimized with the Yoast SEO plugin v23.5 - https:\/\/yoast.com\/wordpress\/plugins\/seo\/ -->\n<title>Tineri Sustenabili: Angajament \u0219i Ac\u021biune pentru ODD la IES Crist\u00f3bal de Monroy - Self-SDG<\/title>\n<meta name=\"robots\" content=\"index, follow, max-snippet:-1, max-image-preview:large, max-video-preview:-1\" \/>\n<link rel=\"canonical\" href=\"https:\/\/selfsdg.eu\/2024\/06\/21\/jovenes-sostenibles-compromiso-y-accion-por-los-ods-en-el-ies-monroy\/\" \/>\n<meta property=\"og:locale\" content=\"ro_RO\" \/>\n<meta property=\"og:type\" content=\"article\" \/>\n<meta property=\"og:title\" content=\"Tineri Sustenabili: Angajament \u0219i Ac\u021biune pentru ODD la IES Crist\u00f3bal de Monroy - Self-SDG\" \/>\n<meta property=\"og:url\" content=\"https:\/\/selfsdg.eu\/2024\/06\/21\/jovenes-sostenibles-compromiso-y-accion-por-los-ods-en-el-ies-monroy\/\" \/>\n<meta property=\"og:site_name\" content=\"Self-SDG\" \/>\n<meta property=\"article:published_time\" content=\"2024-06-21T17:01:00+00:00\" \/>\n<meta property=\"article:modified_time\" content=\"2026-02-19T17:30:02+00:00\" \/>\n<meta property=\"og:image\" content=\"https:\/\/selfsdg.eu\/wp-content\/uploads\/2026\/02\/SelfEquidad.png\" \/>\n\t<meta property=\"og:image:width\" content=\"536\" \/>\n\t<meta property=\"og:image:height\" content=\"348\" \/>\n\t<meta property=\"og:image:type\" content=\"image\/png\" \/>\n<meta name=\"author\" content=\"Rocio Ortiz\" \/>\n<meta name=\"twitter:card\" content=\"summary_large_image\" \/>\n<meta name=\"twitter:label1\" content=\"Written by\" \/>\n\t<meta name=\"twitter:data1\" content=\"Rocio Ortiz\" \/>\n\t<meta name=\"twitter:label2\" content=\"Est. reading time\" \/>\n\t<meta name=\"twitter:data2\" content=\"1 minute\" \/>\n<script type=\"application\/ld+json\" class=\"yoast-schema-graph\">{\"@context\":\"https:\/\/schema.org\",\"@graph\":[{\"@type\":\"WebPage\",\"@id\":\"https:\/\/selfsdg.eu\/2024\/06\/21\/jovenes-sostenibles-compromiso-y-accion-por-los-ods-en-el-ies-monroy\/\",\"url\":\"https:\/\/selfsdg.eu\/2024\/06\/21\/jovenes-sostenibles-compromiso-y-accion-por-los-ods-en-el-ies-monroy\/\",\"name\":\"Tineri Sustenabili: Angajament \u0219i Ac\u021biune pentru ODD la IES Crist\u00f3bal de Monroy - Self-SDG\",\"isPartOf\":{\"@id\":\"https:\/\/selfsdg.eu\/#website\"},\"primaryImageOfPage\":{\"@id\":\"https:\/\/selfsdg.eu\/2024\/06\/21\/jovenes-sostenibles-compromiso-y-accion-por-los-ods-en-el-ies-monroy\/#primaryimage\"},\"image\":{\"@id\":\"https:\/\/selfsdg.eu\/2024\/06\/21\/jovenes-sostenibles-compromiso-y-accion-por-los-ods-en-el-ies-monroy\/#primaryimage\"},\"thumbnailUrl\":\"https:\/\/selfsdg.eu\/wp-content\/uploads\/2026\/02\/SelfEquidad.png\",\"datePublished\":\"2024-06-21T17:01:00+00:00\",\"dateModified\":\"2026-02-19T17:30:02+00:00\",\"author\":{\"@id\":\"https:\/\/selfsdg.eu\/#\/schema\/person\/cf50327a62cfad47d8bea6f54f009b4e\"},\"breadcrumb\":{\"@id\":\"https:\/\/selfsdg.eu\/2024\/06\/21\/jovenes-sostenibles-compromiso-y-accion-por-los-ods-en-el-ies-monroy\/#breadcrumb\"},\"inLanguage\":\"ro-RO\",\"potentialAction\":[{\"@type\":\"ReadAction\",\"target\":[\"https:\/\/selfsdg.eu\/2024\/06\/21\/jovenes-sostenibles-compromiso-y-accion-por-los-ods-en-el-ies-monroy\/\"]}]},{\"@type\":\"ImageObject\",\"inLanguage\":\"ro-RO\",\"@id\":\"https:\/\/selfsdg.eu\/2024\/06\/21\/jovenes-sostenibles-compromiso-y-accion-por-los-ods-en-el-ies-monroy\/#primaryimage\",\"url\":\"https:\/\/selfsdg.eu\/wp-content\/uploads\/2026\/02\/SelfEquidad.png\",\"contentUrl\":\"https:\/\/selfsdg.eu\/wp-content\/uploads\/2026\/02\/SelfEquidad.png\",\"width\":536,\"height\":348},{\"@type\":\"BreadcrumbList\",\"@id\":\"https:\/\/selfsdg.eu\/2024\/06\/21\/jovenes-sostenibles-compromiso-y-accion-por-los-ods-en-el-ies-monroy\/#breadcrumb\",\"itemListElement\":[{\"@type\":\"ListItem\",\"position\":1,\"name\":\"Home\",\"item\":\"https:\/\/selfsdg.eu\/\"},{\"@type\":\"ListItem\",\"position\":2,\"name\":\"Young People for Sustainability: Commitment and Action for the SDGs at IES Crist\u00f3bal de Monroy\"}]},{\"@type\":\"WebSite\",\"@id\":\"https:\/\/selfsdg.eu\/#website\",\"url\":\"https:\/\/selfsdg.eu\/\",\"name\":\"Self-SDG\",\"description\":\"\",\"potentialAction\":[{\"@type\":\"SearchAction\",\"target\":{\"@type\":\"EntryPoint\",\"urlTemplate\":\"https:\/\/selfsdg.eu\/?s={search_term_string}\"},\"query-input\":{\"@type\":\"PropertyValueSpecification\",\"valueRequired\":true,\"valueName\":\"search_term_string\"}}],\"inLanguage\":\"ro-RO\"},{\"@type\":\"Person\",\"@id\":\"https:\/\/selfsdg.eu\/#\/schema\/person\/cf50327a62cfad47d8bea6f54f009b4e\",\"name\":\"Rocio Ortiz\",\"image\":{\"@type\":\"ImageObject\",\"inLanguage\":\"ro-RO\",\"@id\":\"https:\/\/selfsdg.eu\/#\/schema\/person\/image\/\",\"url\":\"https:\/\/secure.gravatar.com\/avatar\/743a9c4c68e0578e55a18740e919b8a7d5c8fca816dfe47568868b31d2364f6e?s=96&d=mm&r=g\",\"contentUrl\":\"https:\/\/secure.gravatar.com\/avatar\/743a9c4c68e0578e55a18740e919b8a7d5c8fca816dfe47568868b31d2364f6e?s=96&d=mm&r=g\",\"caption\":\"Rocio Ortiz\"},\"url\":\"https:\/\/selfsdg.eu\/ro\/author\/rocio\/\"}]}<\/script>\n<!-- \/ Yoast SEO plugin. -->","yoast_head_json":{"title":"Tineri Sustenabili: Angajament \u0219i Ac\u021biune pentru ODD la IES Crist\u00f3bal de Monroy - Self-SDG","robots":{"index":"index","follow":"follow","max-snippet":"max-snippet:-1","max-image-preview":"max-image-preview:large","max-video-preview":"max-video-preview:-1"},"canonical":"https:\/\/selfsdg.eu\/2024\/06\/21\/jovenes-sostenibles-compromiso-y-accion-por-los-ods-en-el-ies-monroy\/","og_locale":"ro_RO","og_type":"article","og_title":"Tineri Sustenabili: Angajament \u0219i Ac\u021biune pentru ODD la IES Crist\u00f3bal de Monroy - Self-SDG","og_url":"https:\/\/selfsdg.eu\/2024\/06\/21\/jovenes-sostenibles-compromiso-y-accion-por-los-ods-en-el-ies-monroy\/","og_site_name":"Self-SDG","article_published_time":"2024-06-21T17:01:00+00:00","article_modified_time":"2026-02-19T17:30:02+00:00","og_image":[{"width":536,"height":348,"url":"https:\/\/selfsdg.eu\/wp-content\/uploads\/2026\/02\/SelfEquidad.png","type":"image\/png"}],"author":"Rocio Ortiz","twitter_card":"summary_large_image","twitter_misc":{"Written by":"Rocio Ortiz","Est. reading time":"1 minute"},"schema":{"@context":"https:\/\/schema.org","@graph":[{"@type":"WebPage","@id":"https:\/\/selfsdg.eu\/2024\/06\/21\/jovenes-sostenibles-compromiso-y-accion-por-los-ods-en-el-ies-monroy\/","url":"https:\/\/selfsdg.eu\/2024\/06\/21\/jovenes-sostenibles-compromiso-y-accion-por-los-ods-en-el-ies-monroy\/","name":"Tineri Sustenabili: Angajament \u0219i Ac\u021biune pentru ODD la IES Crist\u00f3bal de Monroy - Self-SDG","isPartOf":{"@id":"https:\/\/selfsdg.eu\/#website"},"primaryImageOfPage":{"@id":"https:\/\/selfsdg.eu\/2024\/06\/21\/jovenes-sostenibles-compromiso-y-accion-por-los-ods-en-el-ies-monroy\/#primaryimage"},"image":{"@id":"https:\/\/selfsdg.eu\/2024\/06\/21\/jovenes-sostenibles-compromiso-y-accion-por-los-ods-en-el-ies-monroy\/#primaryimage"},"thumbnailUrl":"https:\/\/selfsdg.eu\/wp-content\/uploads\/2026\/02\/SelfEquidad.png","datePublished":"2024-06-21T17:01:00+00:00","dateModified":"2026-02-19T17:30:02+00:00","author":{"@id":"https:\/\/selfsdg.eu\/#\/schema\/person\/cf50327a62cfad47d8bea6f54f009b4e"},"breadcrumb":{"@id":"https:\/\/selfsdg.eu\/2024\/06\/21\/jovenes-sostenibles-compromiso-y-accion-por-los-ods-en-el-ies-monroy\/#breadcrumb"},"inLanguage":"ro-RO","potentialAction":[{"@type":"ReadAction","target":["https:\/\/selfsdg.eu\/2024\/06\/21\/jovenes-sostenibles-compromiso-y-accion-por-los-ods-en-el-ies-monroy\/"]}]},{"@type":"ImageObject","inLanguage":"ro-RO","@id":"https:\/\/selfsdg.eu\/2024\/06\/21\/jovenes-sostenibles-compromiso-y-accion-por-los-ods-en-el-ies-monroy\/#primaryimage","url":"https:\/\/selfsdg.eu\/wp-content\/uploads\/2026\/02\/SelfEquidad.png","contentUrl":"https:\/\/selfsdg.eu\/wp-content\/uploads\/2026\/02\/SelfEquidad.png","width":536,"height":348},{"@type":"BreadcrumbList","@id":"https:\/\/selfsdg.eu\/2024\/06\/21\/jovenes-sostenibles-compromiso-y-accion-por-los-ods-en-el-ies-monroy\/#breadcrumb","itemListElement":[{"@type":"ListItem","position":1,"name":"Home","item":"https:\/\/selfsdg.eu\/"},{"@type":"ListItem","position":2,"name":"Young People for Sustainability: Commitment and Action for the SDGs at IES Crist\u00f3bal de Monroy"}]},{"@type":"WebSite","@id":"https:\/\/selfsdg.eu\/#website","url":"https:\/\/selfsdg.eu\/","name":"Self-SDG","description":"","potentialAction":[{"@type":"SearchAction","target":{"@type":"EntryPoint","urlTemplate":"https:\/\/selfsdg.eu\/?s={search_term_string}"},"query-input":{"@type":"PropertyValueSpecification","valueRequired":true,"valueName":"search_term_string"}}],"inLanguage":"ro-RO"},{"@type":"Person","@id":"https:\/\/selfsdg.eu\/#\/schema\/person\/cf50327a62cfad47d8bea6f54f009b4e","name":"Rocio Ortiz","image":{"@type":"ImageObject","inLanguage":"ro-RO","@id":"https:\/\/selfsdg.eu\/#\/schema\/person\/image\/","url":"https:\/\/secure.gravatar.com\/avatar\/743a9c4c68e0578e55a18740e919b8a7d5c8fca816dfe47568868b31d2364f6e?s=96&d=mm&r=g","contentUrl":"https:\/\/secure.gravatar.com\/avatar\/743a9c4c68e0578e55a18740e919b8a7d5c8fca816dfe47568868b31d2364f6e?s=96&d=mm&r=g","caption":"Rocio Ortiz"},"url":"https:\/\/selfsdg.eu\/ro\/author\/rocio\/"}]}},"_links":{"self":[{"href":"https:\/\/selfsdg.eu\/ro\/wp-json\/wp\/v2\/posts\/690","targetHints":{"allow":["GET"]}}],"collection":[{"href":"https:\/\/selfsdg.eu\/ro\/wp-json\/wp\/v2\/posts"}],"about":[{"href":"https:\/\/selfsdg.eu\/ro\/wp-json\/wp\/v2\/types\/post"}],"author":[{"embeddable":true,"href":"https:\/\/selfsdg.eu\/ro\/wp-json\/wp\/v2\/users\/4"}],"replies":[{"embeddable":true,"href":"https:\/\/selfsdg.eu\/ro\/wp-json\/wp\/v2\/comments?post=690"}],"version-history":[{"count":16,"href":"https:\/\/selfsdg.eu\/ro\/wp-json\/wp\/v2\/posts\/690\/revisions"}],"predecessor-version":[{"id":708,"href":"https:\/\/selfsdg.eu\/ro\/wp-json\/wp\/v2\/posts\/690\/revisions\/708"}],"wp:featuredmedia":[{"embeddable":true,"href":"https:\/\/selfsdg.eu\/ro\/wp-json\/wp\/v2\/media\/691"}],"wp:attachment":[{"href":"https:\/\/selfsdg.eu\/ro\/wp-json\/wp\/v2\/media?parent=690"}],"wp:term":[{"taxonomy":"category","embeddable":true,"href":"https:\/\/selfsdg.eu\/ro\/wp-json\/wp\/v2\/categories?post=690"},{"taxonomy":"post_tag","embeddable":true,"href":"https:\/\/selfsdg.eu\/ro\/wp-json\/wp\/v2\/tags?post=690"}],"curies":[{"name":"wp","href":"https:\/\/api.w.org\/{rel}","templated":true}]}}