{"id":43,"date":"2024-05-23T07:24:25","date_gmt":"2024-05-23T07:24:25","guid":{"rendered":"https:\/\/selfsdg.eu\/?p=43"},"modified":"2025-09-03T08:21:55","modified_gmt":"2025-09-03T08:21:55","slug":"news-2","status":"publish","type":"post","link":"https:\/\/selfsdg.eu\/es\/2024\/05\/23\/news-2\/","title":{"rendered":"Reuni\u00f3n de Lanzamiento de Self-SDG \u2013 Educaci\u00f3n para el desarrollo sostenible"},"content":{"rendered":"\n<p class=\"wp-block-paragraph\">La reuni\u00f3n de lanzamiento del proyecto Erasmus KA220 Self-SDG tuvo lugar en la Universidad de Vechta, Alemania, los d\u00edas 11 y 12 de enero de 2024, organizada con gran habilidad por RCE. Los participantes mostraron su entusiasmo por formar parte de un proyecto dedicado a promover la educaci\u00f3n para el desarrollo sostenible, colaborando con un equipo excepcional de profesionales.<\/p>\n\n\n\n<p class=\"wp-block-paragraph\">Tras abordar las formalidades iniciales y ofrecer una visi\u00f3n general completa de los objetivos del proyecto y las consideraciones financieras, el consorcio tom\u00f3 la iniciativa de organizar un taller de design thinking. Esta sesi\u00f3n se centr\u00f3 en la lluvia de ideas para la aplicaci\u00f3n m\u00f3vil, abarcando aspectos clave como la investigaci\u00f3n inicial, el flujo de trabajo, la privacidad de los datos y el aumento del compromiso de los usuarios. La participaci\u00f3n de Remus Baltariu, jefe de dise\u00f1o de producto de ASSIST Software, result\u00f3 invaluable para el \u00e9xito del taller.<\/p>\n\n\n\n<p class=\"wp-block-paragraph\">La reuni\u00f3n logr\u00f3 con \u00e9xito todos sus objetivos:<\/p>\n\n\n\n<ul class=\"wp-block-list\">\n<li>Los coordinadores aclararon las condiciones generales relativas a la gesti\u00f3n econ\u00f3mica y el presupuesto.<\/li>\n\n\n\n<li>Se acordaron los roles y las responsabilidades de los socios, y se definieron las actividades iniciales del proyecto.<\/li>\n\n\n\n<li>Se debatieron y aprobaron por todos los miembros las consideraciones pedag\u00f3gicas y did\u00e1cticas para la aplicaci\u00f3n de los ODS.<\/li>\n<\/ul>\n\n\n\n<p class=\"wp-block-paragraph\">Con una comprensi\u00f3n clara de los objetivos y de las tareas del proyecto, todos los miembros est\u00e1n comprometidos a avanzar con confianza hacia las metas generales, visualizando un gran impacto en la educaci\u00f3n para el desarrollo sostenible.<\/p>\n\n\n\n<figure class=\"wp-block-image size-large\"><img loading=\"lazy\" decoding=\"async\" width=\"1024\" height=\"576\" src=\"https:\/\/selfsdg.eu\/wp-content\/uploads\/2024\/06\/WhatsApp-Image-2024-01-12-at-13.40-1-1-1024x576.png\" alt=\"\" class=\"wp-image-106\" srcset=\"https:\/\/selfsdg.eu\/wp-content\/uploads\/2024\/06\/WhatsApp-Image-2024-01-12-at-13.40-1-1-1024x576.png 1024w, https:\/\/selfsdg.eu\/wp-content\/uploads\/2024\/06\/WhatsApp-Image-2024-01-12-at-13.40-1-1-300x169.png 300w, https:\/\/selfsdg.eu\/wp-content\/uploads\/2024\/06\/WhatsApp-Image-2024-01-12-at-13.40-1-1-768x432.png 768w, https:\/\/selfsdg.eu\/wp-content\/uploads\/2024\/06\/WhatsApp-Image-2024-01-12-at-13.40-1-1.png 1036w\" sizes=\"auto, (max-width: 1024px) 100vw, 1024px\" \/><\/figure>\n\n\n\n<p class=\"wp-block-paragraph\"><\/p>\n\n\n\n<figure class=\"wp-block-image size-large\"><img loading=\"lazy\" decoding=\"async\" width=\"1024\" height=\"576\" src=\"https:\/\/selfsdg.eu\/wp-content\/uploads\/2024\/05\/WhatsApp-Image-2024-01-12-at-17.00-1-1-1024x576.png\" alt=\"\" class=\"wp-image-110\" srcset=\"https:\/\/selfsdg.eu\/wp-content\/uploads\/2024\/05\/WhatsApp-Image-2024-01-12-at-17.00-1-1-1024x576.png 1024w, https:\/\/selfsdg.eu\/wp-content\/uploads\/2024\/05\/WhatsApp-Image-2024-01-12-at-17.00-1-1-300x169.png 300w, https:\/\/selfsdg.eu\/wp-content\/uploads\/2024\/05\/WhatsApp-Image-2024-01-12-at-17.00-1-1-768x432.png 768w, https:\/\/selfsdg.eu\/wp-content\/uploads\/2024\/05\/WhatsApp-Image-2024-01-12-at-17.00-1-1.png 1036w\" sizes=\"auto, (max-width: 1024px) 100vw, 1024px\" \/><\/figure>\n","protected":false},"excerpt":{"rendered":"<p>La reuni\u00f3n de lanzamiento del proyecto Erasmus KA220 Self-SDG tuvo lugar en la Universidad de Vechta, Alemania, los d\u00edas 11 y 12 de enero de 2024, organizada con gran habilidad por RCE. Los participantes mostraron su entusiasmo por formar parte de un proyecto dedicado a promover la educaci\u00f3n para el desarrollo sostenible, colaborando con un [&hellip;]<\/p>\n","protected":false},"author":2,"featured_media":120,"comment_status":"open","ping_status":"open","sticky":false,"template":"","format":"standard","meta":{"footnotes":""},"categories":[3],"tags":[],"class_list":["post-43","post","type-post","status-publish","format-standard","has-post-thumbnail","hentry","category-news"],"translation":{"provider":"WPGlobus","version":"3.0.0","language":"es","enabled_languages":["en","ro","nl","de","es","sk"],"languages":{"en":{"title":true,"content":true,"excerpt":false},"ro":{"title":true,"content":true,"excerpt":false},"nl":{"title":true,"content":true,"excerpt":false},"de":{"title":true,"content":true,"excerpt":false},"es":{"title":true,"content":true,"excerpt":false},"sk":{"title":false,"content":false,"excerpt":false}}},"yoast_head":"<!-- This site is optimized with the Yoast SEO plugin v23.5 - https:\/\/yoast.com\/wordpress\/plugins\/seo\/ -->\n<title>Reuni\u00f3n de Lanzamiento de Self-SDG \u2013 Educaci\u00f3n para el desarrollo sostenible - Self-SDG<\/title>\n<meta name=\"robots\" content=\"index, follow, max-snippet:-1, max-image-preview:large, max-video-preview:-1\" \/>\n<link rel=\"canonical\" href=\"https:\/\/selfsdg.eu\/2024\/05\/23\/news-2\/\" \/>\n<meta property=\"og:locale\" content=\"es_ES\" \/>\n<meta property=\"og:type\" content=\"article\" \/>\n<meta property=\"og:title\" content=\"Reuni\u00f3n de Lanzamiento de Self-SDG \u2013 Educaci\u00f3n para el desarrollo sostenible - Self-SDG\" \/>\n<meta property=\"og:url\" content=\"https:\/\/selfsdg.eu\/2024\/05\/23\/news-2\/\" \/>\n<meta property=\"og:site_name\" content=\"Self-SDG\" \/>\n<meta property=\"article:published_time\" content=\"2024-05-23T07:24:25+00:00\" \/>\n<meta property=\"article:modified_time\" content=\"2025-09-03T08:21:55+00:00\" \/>\n<meta property=\"og:image\" content=\"https:\/\/selfsdg.eu\/wp-content\/uploads\/2024\/05\/Self-SDG-KOM-1.png\" \/>\n\t<meta property=\"og:image:width\" content=\"1200\" \/>\n\t<meta property=\"og:image:height\" content=\"720\" \/>\n\t<meta property=\"og:image:type\" content=\"image\/png\" \/>\n<meta name=\"author\" content=\"Gabriela Paslaru\" \/>\n<meta name=\"twitter:card\" content=\"summary_large_image\" \/>\n<meta name=\"twitter:label1\" content=\"Written by\" \/>\n\t<meta name=\"twitter:data1\" content=\"Gabriela Paslaru\" \/>\n\t<meta name=\"twitter:label2\" content=\"Est. reading time\" \/>\n\t<meta name=\"twitter:data2\" content=\"2 minutes\" \/>\n<script type=\"application\/ld+json\" class=\"yoast-schema-graph\">{\"@context\":\"https:\/\/schema.org\",\"@graph\":[{\"@type\":\"WebPage\",\"@id\":\"https:\/\/selfsdg.eu\/2024\/05\/23\/news-2\/\",\"url\":\"https:\/\/selfsdg.eu\/2024\/05\/23\/news-2\/\",\"name\":\"Reuni\u00f3n de Lanzamiento de Self-SDG \u2013 Educaci\u00f3n para el desarrollo sostenible - Self-SDG\",\"isPartOf\":{\"@id\":\"https:\/\/selfsdg.eu\/#website\"},\"primaryImageOfPage\":{\"@id\":\"https:\/\/selfsdg.eu\/2024\/05\/23\/news-2\/#primaryimage\"},\"image\":{\"@id\":\"https:\/\/selfsdg.eu\/2024\/05\/23\/news-2\/#primaryimage\"},\"thumbnailUrl\":\"https:\/\/selfsdg.eu\/wp-content\/uploads\/2024\/05\/Self-SDG-KOM-1.png\",\"datePublished\":\"2024-05-23T07:24:25+00:00\",\"dateModified\":\"2025-09-03T08:21:55+00:00\",\"author\":{\"@id\":\"https:\/\/selfsdg.eu\/#\/schema\/person\/9965c67a82f1dfbaed9aa192b5c4baa5\"},\"breadcrumb\":{\"@id\":\"https:\/\/selfsdg.eu\/2024\/05\/23\/news-2\/#breadcrumb\"},\"inLanguage\":\"es-ES\",\"potentialAction\":[{\"@type\":\"ReadAction\",\"target\":[\"https:\/\/selfsdg.eu\/2024\/05\/23\/news-2\/\"]}]},{\"@type\":\"ImageObject\",\"inLanguage\":\"es-ES\",\"@id\":\"https:\/\/selfsdg.eu\/2024\/05\/23\/news-2\/#primaryimage\",\"url\":\"https:\/\/selfsdg.eu\/wp-content\/uploads\/2024\/05\/Self-SDG-KOM-1.png\",\"contentUrl\":\"https:\/\/selfsdg.eu\/wp-content\/uploads\/2024\/05\/Self-SDG-KOM-1.png\",\"width\":1200,\"height\":720},{\"@type\":\"BreadcrumbList\",\"@id\":\"https:\/\/selfsdg.eu\/2024\/05\/23\/news-2\/#breadcrumb\",\"itemListElement\":[{\"@type\":\"ListItem\",\"position\":1,\"name\":\"Home\",\"item\":\"https:\/\/selfsdg.eu\/\"},{\"@type\":\"ListItem\",\"position\":2,\"name\":\"Self-SDG Kick-off Meeting &#8211; Education for sustainable development\"}]},{\"@type\":\"WebSite\",\"@id\":\"https:\/\/selfsdg.eu\/#website\",\"url\":\"https:\/\/selfsdg.eu\/\",\"name\":\"Self-SDG\",\"description\":\"\",\"potentialAction\":[{\"@type\":\"SearchAction\",\"target\":{\"@type\":\"EntryPoint\",\"urlTemplate\":\"https:\/\/selfsdg.eu\/?s={search_term_string}\"},\"query-input\":{\"@type\":\"PropertyValueSpecification\",\"valueRequired\":true,\"valueName\":\"search_term_string\"}}],\"inLanguage\":\"es-ES\"},{\"@type\":\"Person\",\"@id\":\"https:\/\/selfsdg.eu\/#\/schema\/person\/9965c67a82f1dfbaed9aa192b5c4baa5\",\"name\":\"Gabriela Paslaru\",\"image\":{\"@type\":\"ImageObject\",\"inLanguage\":\"es-ES\",\"@id\":\"https:\/\/selfsdg.eu\/#\/schema\/person\/image\/\",\"url\":\"https:\/\/secure.gravatar.com\/avatar\/95c8b119bb9a6e18ed77ac753136ef52a7edf4194be2a57be3e41bde27b67cd4?s=96&d=mm&r=g\",\"contentUrl\":\"https:\/\/secure.gravatar.com\/avatar\/95c8b119bb9a6e18ed77ac753136ef52a7edf4194be2a57be3e41bde27b67cd4?s=96&d=mm&r=g\",\"caption\":\"Gabriela Paslaru\"},\"url\":\"https:\/\/selfsdg.eu\/es\/author\/gabriela\/\"}]}<\/script>\n<!-- \/ Yoast SEO plugin. -->","yoast_head_json":{"title":"Reuni\u00f3n de Lanzamiento de Self-SDG \u2013 Educaci\u00f3n para el desarrollo sostenible - Self-SDG","robots":{"index":"index","follow":"follow","max-snippet":"max-snippet:-1","max-image-preview":"max-image-preview:large","max-video-preview":"max-video-preview:-1"},"canonical":"https:\/\/selfsdg.eu\/2024\/05\/23\/news-2\/","og_locale":"es_ES","og_type":"article","og_title":"Reuni\u00f3n de Lanzamiento de Self-SDG \u2013 Educaci\u00f3n para el desarrollo sostenible - Self-SDG","og_url":"https:\/\/selfsdg.eu\/2024\/05\/23\/news-2\/","og_site_name":"Self-SDG","article_published_time":"2024-05-23T07:24:25+00:00","article_modified_time":"2025-09-03T08:21:55+00:00","og_image":[{"width":1200,"height":720,"url":"https:\/\/selfsdg.eu\/wp-content\/uploads\/2024\/05\/Self-SDG-KOM-1.png","type":"image\/png"}],"author":"Gabriela Paslaru","twitter_card":"summary_large_image","twitter_misc":{"Written by":"Gabriela Paslaru","Est. reading time":"2 minutes"},"schema":{"@context":"https:\/\/schema.org","@graph":[{"@type":"WebPage","@id":"https:\/\/selfsdg.eu\/2024\/05\/23\/news-2\/","url":"https:\/\/selfsdg.eu\/2024\/05\/23\/news-2\/","name":"Reuni\u00f3n de Lanzamiento de Self-SDG \u2013 Educaci\u00f3n para el desarrollo sostenible - Self-SDG","isPartOf":{"@id":"https:\/\/selfsdg.eu\/#website"},"primaryImageOfPage":{"@id":"https:\/\/selfsdg.eu\/2024\/05\/23\/news-2\/#primaryimage"},"image":{"@id":"https:\/\/selfsdg.eu\/2024\/05\/23\/news-2\/#primaryimage"},"thumbnailUrl":"https:\/\/selfsdg.eu\/wp-content\/uploads\/2024\/05\/Self-SDG-KOM-1.png","datePublished":"2024-05-23T07:24:25+00:00","dateModified":"2025-09-03T08:21:55+00:00","author":{"@id":"https:\/\/selfsdg.eu\/#\/schema\/person\/9965c67a82f1dfbaed9aa192b5c4baa5"},"breadcrumb":{"@id":"https:\/\/selfsdg.eu\/2024\/05\/23\/news-2\/#breadcrumb"},"inLanguage":"es-ES","potentialAction":[{"@type":"ReadAction","target":["https:\/\/selfsdg.eu\/2024\/05\/23\/news-2\/"]}]},{"@type":"ImageObject","inLanguage":"es-ES","@id":"https:\/\/selfsdg.eu\/2024\/05\/23\/news-2\/#primaryimage","url":"https:\/\/selfsdg.eu\/wp-content\/uploads\/2024\/05\/Self-SDG-KOM-1.png","contentUrl":"https:\/\/selfsdg.eu\/wp-content\/uploads\/2024\/05\/Self-SDG-KOM-1.png","width":1200,"height":720},{"@type":"BreadcrumbList","@id":"https:\/\/selfsdg.eu\/2024\/05\/23\/news-2\/#breadcrumb","itemListElement":[{"@type":"ListItem","position":1,"name":"Home","item":"https:\/\/selfsdg.eu\/"},{"@type":"ListItem","position":2,"name":"Self-SDG Kick-off Meeting &#8211; Education for sustainable development"}]},{"@type":"WebSite","@id":"https:\/\/selfsdg.eu\/#website","url":"https:\/\/selfsdg.eu\/","name":"Self-SDG","description":"","potentialAction":[{"@type":"SearchAction","target":{"@type":"EntryPoint","urlTemplate":"https:\/\/selfsdg.eu\/?s={search_term_string}"},"query-input":{"@type":"PropertyValueSpecification","valueRequired":true,"valueName":"search_term_string"}}],"inLanguage":"es-ES"},{"@type":"Person","@id":"https:\/\/selfsdg.eu\/#\/schema\/person\/9965c67a82f1dfbaed9aa192b5c4baa5","name":"Gabriela Paslaru","image":{"@type":"ImageObject","inLanguage":"es-ES","@id":"https:\/\/selfsdg.eu\/#\/schema\/person\/image\/","url":"https:\/\/secure.gravatar.com\/avatar\/95c8b119bb9a6e18ed77ac753136ef52a7edf4194be2a57be3e41bde27b67cd4?s=96&d=mm&r=g","contentUrl":"https:\/\/secure.gravatar.com\/avatar\/95c8b119bb9a6e18ed77ac753136ef52a7edf4194be2a57be3e41bde27b67cd4?s=96&d=mm&r=g","caption":"Gabriela Paslaru"},"url":"https:\/\/selfsdg.eu\/es\/author\/gabriela\/"}]}},"_links":{"self":[{"href":"https:\/\/selfsdg.eu\/es\/wp-json\/wp\/v2\/posts\/43","targetHints":{"allow":["GET"]}}],"collection":[{"href":"https:\/\/selfsdg.eu\/es\/wp-json\/wp\/v2\/posts"}],"about":[{"href":"https:\/\/selfsdg.eu\/es\/wp-json\/wp\/v2\/types\/post"}],"author":[{"embeddable":true,"href":"https:\/\/selfsdg.eu\/es\/wp-json\/wp\/v2\/users\/2"}],"replies":[{"embeddable":true,"href":"https:\/\/selfsdg.eu\/es\/wp-json\/wp\/v2\/comments?post=43"}],"version-history":[{"count":13,"href":"https:\/\/selfsdg.eu\/es\/wp-json\/wp\/v2\/posts\/43\/revisions"}],"predecessor-version":[{"id":384,"href":"https:\/\/selfsdg.eu\/es\/wp-json\/wp\/v2\/posts\/43\/revisions\/384"}],"wp:featuredmedia":[{"embeddable":true,"href":"https:\/\/selfsdg.eu\/es\/wp-json\/wp\/v2\/media\/120"}],"wp:attachment":[{"href":"https:\/\/selfsdg.eu\/es\/wp-json\/wp\/v2\/media?parent=43"}],"wp:term":[{"taxonomy":"category","embeddable":true,"href":"https:\/\/selfsdg.eu\/es\/wp-json\/wp\/v2\/categories?post=43"},{"taxonomy":"post_tag","embeddable":true,"href":"https:\/\/selfsdg.eu\/es\/wp-json\/wp\/v2\/tags?post=43"}],"curies":[{"name":"wp","href":"https:\/\/api.w.org\/{rel}","templated":true}]}}